{"@attributes":{"version":"2.0"},"channel":{"title":"Merateonline - Ultimi articoli","description":"Merateonline ultimi articoli","generator":"PHP Simple XML","category":"news","lastBuildDate":"Fri, 04 Sep 2026 03:15:45 +0200","pubDate":"Fri, 04 Sep 2026 03:15:45 +0200","docs":"https:\/\/validator.w3.org\/feed\/docs\/rss2.html","link":"https:\/\/www.merateonline.it","language":"it-IT","item":[{"title":"AZIENDA RICERCA GIARDINIERE","description":"Azienda sita nel meratese \u00e8 alla ricerca di un giardiniere da inserire nel proprio organico. Si richiede passione per questo lavoro, capacit\u00e0 di utilizzo in sicurezza delle attrezzature da lavoro (decespugliatori,\u00a0soffiatori,......), voglia di imparare e mettersi in gioco. Autonomia nella gestione del lavoro e spirito di squadra. Se interessati scrivere mail a vimercatigiardinisrl@gmail.com","pubDate":"Thu, 03 Sep 2026 10:56:05 +0200","link":"https:\/\/www.merateonline.it\/notizie\/159388\/azienda-ricerca-giardiniere","author":"redazione@merateonline.it (Merateonline)","category":"Articolo","guid":"https:\/\/www.merateonline.it\/notizie\/159388\/azienda-ricerca-giardiniere"},{"title":"Calco: due podi per AleGas a Modena in penultima gara","description":"Altro weekend da protagonista per AleGas48, il giovane pilota di Calco che domenica 30 agosto ha disputato a Modena la quarta e penultima tappa del CIV Junior, conquistando due podi e avvicinandosi ulteriormente alla vetta della classifica.Ottime gi\u00e0 le qualifiche, con la pole position nella prima sessione e il secondo tempo nella seconda, risultati che gli sono valsi la partenza dalla seconda casella.In gara 1 Ale \u00e8 per\u00f2 andato lungo alla prima curva, scivolando fino all\u2019ottavo posto. Da l\u00ec ha dato vita a una grande rimonta, riuscendo a chiudere secondo, miglior risultato stagionale.In gara 2 il pilota di Calco \u00e8 invece rimasto a lungo in seconda posizione, ma negli ultimi giri ha dovuto fare i conti con una gomma ormai molto usurata, terminando comunque sul podio con un ottimo terzo posto.I due risultati portano AleGas48 al quarto posto della classifica generale, a soli 20 punti dal leader, quando manca un solo appuntamento alla conclusione del campionato.Prima della gara decisiva di fine settembre, che assegner\u00e0 il titolo italiano di categoria, Ale sar\u00e0 per\u00f2 nuovamente impegnato a Cremona con una wild card in Moto4, dopo la positiva esperienza gi\u00e0 vissuta a Misano Adriatico.","pubDate":"Thu, 03 Sep 2026 17:04:30 +0200","link":"https:\/\/www.merateonline.it\/notizie\/159397\/calco-due-podi-per-alegas-a-modena-in-penultima-gara","author":"redazione@merateonline.it (Merateonline)","category":"Articolo","guid":"https:\/\/www.merateonline.it\/notizie\/159397\/calco-due-podi-per-alegas-a-modena-in-penultima-gara"},{"title":"Cernusco erbacce e normalit\u00e0","description":"Ma invece di perdere tempo con le scritte sui muri, di cui non interessa niente a nessuno, a cui fortunatamente penseranno i carabinieri, \u00e8 mai possibile che una torna dalle vacanze e trova l'erba altissima ovunque. Davanti al panificio Tamandi \u00e8 una cosa oscena, vicino al cimitero e nel parchetto delle case nuove una situazione surreale, in centro l'erba cresce anche nel campo di basket in cemento. Questa \u00e8 la programmazione di cui parlava qualche Assessore? Complimenti","pubDate":"Thu, 03 Sep 2026 16:38:29 +0200","link":"https:\/\/www.merateonline.it\/notizie\/159393\/cernusco-erbacce-e-normalita","author":"redazione@merateonline.it (Merateonline)","category":"Articolo","guid":"https:\/\/www.merateonline.it\/notizie\/159393\/cernusco-erbacce-e-normalita"},{"title":"Che cosa c'entra la Boldrini?","description":"Articolo: Ancora loroSig. Ravasi, cosa c\u2019entra la Boldrini in tutto questo? Guardi piuttosto al presente, a chi dovrebbe garantire la legalit\u00e0 in ogni contesto. Dire che \u201csi eliminano da soli e stiamo bene noi\u201d non \u00e8 realismo, \u00e8 cinismo: \u00e8 girare la testa dall\u2019altra parte. Uno scontro tra bande non \u00e8 mai un fatto privato tra loro, \u00e8 un problema di sicurezza per tutto il territorio, per i residenti, per le attivit\u00e0 e per chi passa di l\u00ec.\u00a0Cordialmente,\u00a0","pubDate":"Thu, 03 Sep 2026 17:07:01 +0200","link":"https:\/\/www.merateonline.it\/notizie\/159398\/che-cosa-c-entra-la-boldrini","author":"redazione@merateonline.it (Merateonline)","category":"Articolo","guid":"https:\/\/www.merateonline.it\/notizie\/159398\/che-cosa-c-entra-la-boldrini"},{"title":"Di fronte agli attacchi personali, la maggioranza resta unita.","description":"L\u2019Amministrazione comunale esprime la propria ferma condanna per le scritte diffamanti e vili apparse nei confronti del Sindaco Pendeggia.Il dissenso e la critica, anche quando sono forti e severi, rappresentano elementi fisiologici della vita democratica, ma l\u2019offesa personale, la denigrazione e gli attacchi alla dignit\u00e0 di chi ricopre un ruolo istituzionale appartengono invece a un piano diverso e non possono essere considerati forme legittime di confronto.Per questo riteniamo doveroso ribadire che il Sindaco ha al suo fianco una maggioranza coesa, compatta e determinata, una squadra che condivide un progetto amministrativo e che continuer\u00e0 ad assumersi, con responsabilit\u00e0, il mandato ricevuto dai cittadini.Gli attacchi personali non scalfiscono questa unit\u00e0. Al contrario, rafforzano la consapevolezza di dover proseguire con maggiore determinazione nel lavoro intrapreso, senza lasciarsi condizionare da provocazioni o da comportamenti che nulla hanno a che vedere con un sano confronto democratico.L\u2019Amministrazione Comunale continuer\u00e0 quindi a operare con serenit\u00e0 e determinazione e senso di responsabilit\u00e0, mantenendo saldi i propri valori e il proprio impegno nei confronti della comunit\u00e0.Le differenze politiche sono legittime. Le critiche sono legittime. Il rispetto delle persone e delle istituzioni, invece, non \u00e8 negoziabile.\u00c8 su questi principi che intendiamo continuare a svolgere il nostro mandato, uniti e con piena fiducia nel percorso amministrativo intrapreso.Francesca ColomboNicoletta PalmieriDavide ScaccabarozziSara ManzellaOreste RovelliMaria Donata MontiLuca Maggioni","pubDate":"Thu, 03 Sep 2026 16:44:08 +0200","link":"https:\/\/www.merateonline.it\/notizie\/159394\/di-fronte-agli-attacchi-personali-la-maggioranza-resta-unita","author":"redazione@merateonline.it (Merateonline)","category":"Articolo","guid":"https:\/\/www.merateonline.it\/notizie\/159394\/di-fronte-agli-attacchi-personali-la-maggioranza-resta-unita"},{"title":"Elemaster in partrnership con SyrmaSGS inaugura il nuovo stabilimento in India","description":"Syrma SGS Technology ed Elemaster Group, rispettivamente tra i principali protagonisti dell\u2019ecosistema della produzione e della progettazione elettronica in India e in Europa, attraverso la loro joint venture Syrma SGS Elemaster Private Limited hanno inaugurato oggi il nuovo stabilimento all\u2019avanguardia dedicato alla produzione di elettronica ad elevata affidabilit\u00e0 a Bangalore, Karnataka.L\u2019inaugurazione rappresenta un importante traguardo nel percorso della joint venture volto a sviluppare capacit\u00e0 avanzate di produzione elettronica in India e a supportare clienti sui mercati nazionali e globali, in particolare nei settori in cui qualit\u00e0, affidabilit\u00e0 e rigorosi standard produttivi rappresentano requisiti fondamentali.All\u2019inaugurazione ha partecipato il Dott. Giandomenico Milano, Console Generale d\u2019Italia a Bangalore, insieme ai team dirigenziali di Syrma SGS ed Elemaster, ai clienti e ad altri stakeholder chiave. La sua presenza all\u2019evento ha sottolineato la crescente importanza della collaborazione industriale e tecnologica tra India e Italia e la rilevanza strategica della partnership tra le due aziende.Situato nella Bommasandra Industrial Area, lo stabilimento di 20.000 sq. \u00e8 dotato di avanzate linee Surface Mount Technology (SMT), Through-Hole Technology (THT) e di assemblaggio box-build. La struttura \u00e8 stata realizzata per rispondere alla crescente domanda di elettronica ad alta affidabilit\u00e0 in settori quali ferroviario e trasporti, elettronica industriale, energia ed elettronica medicale, consentendo al contempo alla joint venture di supportare gli OEM globali con una produzione di alta qualit\u00e0 in India.La joint venture unisce i punti di forza complementari di Syrma SGS ed Elemaster. Syrma SGS mette a disposizione le proprie capacit\u00e0 produttive su larga scala, un consolidato ecosistema di supply chain e un\u2019esecuzione competitiva in termini di costi in India, mentre Elemaster apporta decenni di esperienza nella progettazione e produzione elettronica, competenze ingegneristiche e solide relazioni con OEM europei e globali. Insieme, le aziende puntano a creare una piattaforma competitiva per la produzione di elettronica ad alta affidabilit\u00e0 e ad ampliare le opportunit\u00e0 per i clienti globali a partire dall\u2019India.Sandeep Tandon, Executive Chairman di Syrma SGS Technology Ltd., ha dichiarato:\u201cL\u2019inaugurazione dello stabilimento Syrma SGS Elemaster rappresenta un importante traguardo nella nostra visione di rendere l\u2019India un hub globalmente competitivo per la produzione di elettronica ad alta affidabilit\u00e0. Questa partnership unisce la capacit\u00e0 produttiva su larga scala e le competenze esecutive di Syrma SGS con l\u2019esperienza ingegneristica di Elemaster e le sue solide relazioni con gli OEM globali. Con l\u2019evoluzione delle supply chain globali, l\u2019India ha una significativa opportunit\u00e0 di andare oltre la scala produttiva e sviluppare competenze in ambiti in cui affidabilit\u00e0, qualit\u00e0 e capacit\u00e0 ingegneristica sono fondamentali. Attraverso questa joint venture stiamo creando una piattaforma in grado di servire clienti sia indiani sia internazionali, contribuendo al pi\u00f9 ampio obiettivo del \u2018Make in India\u2019.\u201dJasbir Singh Gujral, Managing Director di Syrma SGS Technology Ltd., ha dichiarato:\u201cIl ...","pubDate":"Thu, 03 Sep 2026 17:48:43 +0200","link":"https:\/\/www.merateonline.it\/notizie\/159402\/elemaster-in-partrnership-con-syrmasgs-inaugura-il-nuovo-stabilimento-in-india","author":"redazione@merateonline.it (Merateonline)","category":"Articolo","guid":"https:\/\/www.merateonline.it\/notizie\/159402\/elemaster-in-partrnership-con-syrmasgs-inaugura-il-nuovo-stabilimento-in-india"},{"title":"I canti della liturgia\/102. Vangelo secondo Giovanni 5, 19-24","description":"Con la rubrica \u201cLa S. Messa della Domenica\u201d, nata in collaborazione con Maurizio (clicca QUI per saperne di pi\u00f9), proponiamo i canti che verranno eseguiti nel corso della cerimoniaLA S.MESSA DELLA DOMENICA6 SETTEMBRE 2026*2\u00aa DOMENICA DOPO IL MARTIRIO DI SAN GIOVANNI IL PRECURSORE*VANGELO Gv 5, 19-24Lettura del Vangelo secondo GiovanniIn quel tempo. Il Signore Ges\u00f9 riprese a parlare e disse: \u00abIn verit\u00e0, in verit\u00e0 io vi dico: il Figlio da se stesso non pu\u00f2 fare nulla, se non ci\u00f2 che vede fare dal Padre; quello che egli fa, anche il Figlio lo fa allo stesso modo. Il Padre infatti ama il Figlio, gli manifesta tutto quello che fa e gli manifester\u00e0 opere ancora pi\u00f9 grandi di queste, perch\u00e9 voi ne siate meravigliati. Come il Padre risuscita i morti e d\u00e0 la vita, cos\u00ec anche il Figlio d\u00e0 la vita a chi egli vuole. Il Padre infatti non giudica nessuno, ma ha dato ogni giudizio al Figlio, perch\u00e9 tutti onorino il Figlio come onorano il Padre. Chi non onora il Figlio, non onora il Padre che lo ha mandato. In verit\u00e0, in verit\u00e0 io vi dico: chi ascolta la mia parola e crede a colui che mi ha mandato, ha la vita eterna e non va incontro al giudizio, ma \u00e8 passato dalla morte alla vita\u00bb.CANTI S.MESSACANTI A MARIAOGNI GIORNO UNA PREGHIERACOLLEZIONIDON LUIGI MARIA EPICOCOCANTI ALL\u2019OFFERTORIOCANTI DI PASQUASALMI RESPONSORIALICLAUDIO CHIEFFOGUIDO MEREGALLIANNA MARIA GALLIANOALLELUIACANTI MISSIONARICANTI DOPO IL VANGELOSANTOCANTI ALLO SPEZZARE DEL PANETUTTI I CANTITUTTE LE PLAYLISTCAMMINO DI FEDEPOSTCANTI MATRIMONIOSAN FRANCESCO D\u2019ASSISICANTI DI NATALEHOME PAGECANTI QUARESIMANUMERI DELLA RUBRICA AL SUO ESORDIO NEL SETTEMBRE 2024440 filmati pubblicati2 milioni di visualizzazioni56 mila ore di visionee 4 mila iscrittiAGGIORNAMENTO DATI DEL CANALE AL 31.08.2026670 Video Pubblicati4,5 milioni di Visualizzazioni137 mila ore di visualizzazione48 mila Spettatori unici ogni mese8 mila Iscritti","pubDate":"Thu, 03 Sep 2026 09:03:10 +0200","link":"https:\/\/www.merateonline.it\/notizie\/159382\/i-canti-della-liturgia-102-vangelo-secondo-giovanni-5-19-24","author":"redazione@merateonline.it (Merateonline)","category":"Articolo","guid":"https:\/\/www.merateonline.it\/notizie\/159382\/i-canti-della-liturgia-102-vangelo-secondo-giovanni-5-19-24"},{"title":"La Valletta: ripartono i corsi  dell\u2019associazione Musicale Licabella","description":"Settembre \u00e8 per tutti il mese delle ripartenze e, dopo la pausa estiva, anche per i cori dell'Associazione Musicale Licabella \u00e8 tempo di tornare a cantare insieme!Da sempre l\u2019Associazione si dedica con passione all\u2019educazione vocale dei pi\u00f9 giovani e alla trasmissione del valore pedagogico e formativo che l\u2019esperienza della realt\u00e0 corale porta con s\u00e9. Ecco perch\u00e9, anche quest\u2019anno, \u00e8 lieta di offrire un\u2019ampia proposta di corsi di musica e di canto corale adatti a tutti coloro che abbiano voglia di sperimentare, mettersi in gioco e, soprattutto, vivere un\u2019emozionante esperienza di condivisone musicale!\u00a0Tra i corsi e le attivit\u00e0 musicali che l\u2019Associazione Musicale Licabella organizza:Giocantando, rivolto ai bambini e alle bambine dal 2\u00b0 anno della scuola dell\u2019infanzia al 1\u00b0 anno della scuola primaria, propone, attraverso il gioco, un cammino di scoperta e valorizzazione delle potenzialit\u00e0 musicali dei pi\u00f9 piccoli, sviluppando la capacit\u00e0 di fare gruppo attraverso il canto, il coro, la ritmica, la danza e la scoperta dei primi elementi di scrittura musicale.Suoni in canto, per bambini e bambine, ragazzi e ragazze dalla classe 2\u00b0 della scuola primaria alla classe 3\u00b0 della scuola secondaria di primo grado, vuole guidare i partecipanti alla scoperta e alla conoscenza della propria voce, attraverso l\u2019apprendimento di melodie vocali di vario genere e stile e, al contempo, introdurli alla conoscenza dei fondamentali elementi della lettura musicale cantata e ritmica.Il corso di Pianoforte, rivolto a bambini a partire dalla classe 3\u00b0 della scuola primaria, ma anche giovani e adulti che desiderano imparare a suonare lo strumento o che gi\u00e0 hanno avviato un percorso di studi, \u00e8 pensato come un percorso personalizzato in base alle capacit\u00e0 e agli obbiettivi dell\u2019allievo, al quale verranno forniti anche i primi elementi di lettura e tecnica musicale, necessari per un corretto e fluido apprendimento della musica per tastiera.\u00a0Tra le novit\u00e0 di quest\u2019anno l\u2019Associazione Musicale Licabella in collaborazione con il Maestro Alessandro La Ciacera, organizza a partire dal mese di novembre i Corsi di Organo ed Improvvisazione organistica, dedicati a chi voglia intraprendere o proseguire lo studio dello strumento attraverso un programma personalizzato e progressivo, indirizzato, a seconda degli interessi dell\u2019allievo, all\u2019approfondimento della pratica organistica, liturgica e non, del suo repertorio e della pratica improvvisativa.\u00a0\u00c8 sempre aperta, inoltre, la partecipazione alle formazioni corali dell\u2019Associazione Musicale Licabella per bambini, giovani e adulti che vogliano approcciarsi per la prima volta o approfondire l\u2019esperienza della pratica corale. I coristi dell\u2019Associazione sono studenti, universitari, lavoratori, lavoratrici, docenti, liberi professionisti, tutti accomunati dall\u2019amore per il canto corale e che scelgono di dedicarsi con impegno e passione allo studio della musica.I piccoli cantori delle colline di Brianza, il coro di voci bianche formato giovani coristi e coriste di et\u00e0 compresa ...","pubDate":"Thu, 03 Sep 2026 09:33:09 +0200","link":"https:\/\/www.merateonline.it\/notizie\/159387\/la-valletta-ripartono-i-corsi-dell-associazione-musicale-licabella","author":"redazione@merateonline.it (Merateonline)","category":"Articolo","guid":"https:\/\/www.merateonline.it\/notizie\/159387\/la-valletta-ripartono-i-corsi-dell-associazione-musicale-licabella"},{"title":"LRH RICERCA DUE ADDETTI AGLI IMPIANTI","description":"Lario Reti Holding S.p.A., societ\u00e0 a totale partecipazione pubblica, \u00e8 il Gestore del servizio idrico integrato della Provincia di Lecco e, al fine di garantire un adeguato turnover e potenziare la propria struttura, ricerca le figure professionali di seguito indicate:Nr. 02 figure operative addette agli impianti di depurazione e alle reti di fognaturaAl seguente link maggiori informazioni https:\/\/www.larioreti.it\/lavora-con-noi\/2-operativi-dep-fgn-2026\/","pubDate":"Thu, 03 Sep 2026 11:05:42 +0200","link":"https:\/\/www.merateonline.it\/notizie\/159391\/lrh-ricerca-due-addetti-agli-impianti","author":"redazione@merateonline.it (Merateonline)","category":"Articolo","guid":"https:\/\/www.merateonline.it\/notizie\/159391\/lrh-ricerca-due-addetti-agli-impianti"},{"title":"Merate: aperte le iscrizioni al nuovo corso di scultura del legno","description":"L'Associazione Arte Pura e Applicata Fratelli Cernuschi di Merate organizza un nuovo corso di scultura del legno a cura di Carlotta Zanardini, ospitato nell'atelier di Viale Lombardia 14\/12. Il percorso formativo, pensato per unire tecnica e creativit\u00e0, \u00e8 aperto a partecipanti di tutti i livelli dagli 11 anni di et\u00e0.Le lezioni prenderanno il via a partire dal 15 settembre 2026, al raggiungimento del numero minimo di allievi, e saranno strutturate in moduli da 7 lezioni di due ore ciascuna, previste il marted\u00ec sera oppure il venerd\u00ec pomeriggio.\u00a0La quota di partecipazione comprende gli strumenti di base, i materiali necessari e i dispositivi di protezione individuale. Agli iscritti \u00e8 richiesto unicamente di indossare abbigliamento comodo e scarpe robuste.\u00a0Per maggiori dettagli sui costi o per effettuare l'iscrizione \u00e8 possibile contattare l'associazione al numero 351.8876056 oppure all'indirizzo e-mail artepuraeapplicata@gmail.com","pubDate":"Thu, 03 Sep 2026 09:16:50 +0200","link":"https:\/\/www.merateonline.it\/notizie\/159384\/merate-aperte-le-iscrizioni-al-nuovo-corso-di-scultura-del-legno","author":"redazione@merateonline.it (Merateonline)","category":"Articolo","guid":"https:\/\/www.merateonline.it\/notizie\/159384\/merate-aperte-le-iscrizioni-al-nuovo-corso-di-scultura-del-legno"},{"title":"Nuovo Ponte: tanti progetti  ma il tema \u00e8 la localizzazione  non condivisa dal territorio","description":"La Rete Occhio al Ponte (*) prende atto del folto gruppo di proposte, verosimilmente di notevole prestigio architettonico, giunte al Concorso di Progettazione per la costruzione del nuovo ponte sull\u2019Adda. Ma il punto, per la Rete, non \u00e8 la qualit\u00e0 delle proposte n\u00e9 il confronto tra le diverse soluzioni progettuali. L\u2019obiezione sta a monte: sono i requisiti stessi del bando ad aver gi\u00e0 dato per acquisita una localizzazione che il territorio non condivide.Il bando, infatti, indirizza la progettazione verso la realizzazione del nuovo ponte a meno di 20 metri dal ponte San Michele, trasformando in un presupposto progettuale una scelta sulla quale non vi \u00e8 mai stata una reale condivisione con il territorio, nonostante le contrariet\u00e0 e le alternative espresse da tutti i Sindaci dei Comuni coinvolti.\u00c8 questo il punto che Regione Lombardia continua a ignorare. Non si tratta di discutere, a valle, di come progettare al meglio un ponte la cui collocazione \u00e8 gi\u00e0 stata fissata. La questione \u00e8 se quella sia la collocazione giusta. E su questo interrogativo, che dovrebbe essere preliminare a qualsiasi concorso di progettazione, la Regione non ha dato risposte convincenti n\u00e9 ha realmente preso in considerazione le alternative proposte dal territorio.Gli approfondimenti raccolti in questi mesi \u2013 dalle analisi sul traffico atteso ai dubbi legati ai rigidi vincoli imposti da RFI \u2013 rafforzano la convinzione che la strada intrapresa sia sbagliata. A fronte di un considerevole esborso di risorse pubbliche, il nuovo collegamento rischia non solo di non risolvere la congestione del traffico, ma di aggravarla, compromettendo ulteriormente la vivibilit\u00e0 dei paesi adiacenti.A questo si aggiungono le perplessit\u00e0 sulla complessit\u00e0 della manutenzione di un ponte promiscuo e le incognite sul futuro del ponte San Michele, dalla sua manutenzione alle possibili criticit\u00e0 delle sue fondazioni. Mentre si procede a progettare una nuova infrastruttura, resta infatti senza una risposta adeguata la questione della conservazione e del futuro dell\u2019attuale ponte.La Rete Occhio al Ponte ritiene pertanto che il numero e il prestigio delle proposte presentate non possano essere utilizzati come una sorta di legittimazione della scelta compiuta. Un concorso di progettazione non pu\u00f2 sanare a posteriori una decisione sulla localizzazione che il territorio non ha condiviso.La questione, dunque, non \u00e8 scegliere il progetto migliore tra quelli presentati. \u00c8 chiedersi se sia corretto progettare proprio l\u00ec. E finch\u00e9 questa domanda non avr\u00e0 trovato una risposta attraverso un confronto reale con il territorio e con le alternative gi\u00e0 avanzate, riteniamo che Regione Lombardia non possa considerare chiusa la discussione.\u00a0\u00a0* La Rete Occhio al Ponte nasce nell\u2019aprile 2026 per rispondere all\u2019esigenza di cittadini, associazioni, imprese e rappresentanze politiche di richiamare l\u2019attenzione \u2013 da qui il nome \u2013 sugli effetti che il nuovo enorme ponte, a meno di 20 metri dal ponte San Michele, avrebbe sul territorio. La Rete ha organizzato una manifestazione nell\u2019aprile 2026 e un convegno ...","pubDate":"Thu, 03 Sep 2026 18:01:59 +0200","link":"https:\/\/www.merateonline.it\/notizie\/159403\/nuovo-ponte-tanti-progetti-ma-il-tema-e-la-localizzazione-non-condivisa-dal-territorio","author":"redazione@merateonline.it (Merateonline)","category":"Articolo","guid":"https:\/\/www.merateonline.it\/notizie\/159403\/nuovo-ponte-tanti-progetti-ma-il-tema-e-la-localizzazione-non-condivisa-dal-territorio"},{"title":"Osnago: torneo di burraco promosso da FareSalute","description":"L'organizzazione di volontariato FareSalute promuove una nuova edizione del tradizionale \"Torneo di Burraco\", una giornata aperta a tutti gli appassionati del celebre gioco di carte pensata per unire convivialit\u00e0 e beneficenza. L'appuntamento si terr\u00e0 sabato 10 ottobre 2026 alle 16.30 presso la palestra delle scuole elementari di Osnago in via Matteotti.Il pomeriggio vedr\u00e0 i partecipanti sfidarsi ai tavoli sotto la supervisione di un arbitro federale, in un clima di condivisione arricchito da un omaggio di benvenuto e da un buffet offerto a tutti gli iscritti. Trattandosi di un evento a numero chiuso, \u00e8 richiesta la prenotazione anticipata contattando\u00a0Luisa o Maria Grazia rispettivamente ai numeri 3295613579 e 3402250900 entro la fascia oraria 17-19.","pubDate":"Thu, 03 Sep 2026 09:20:22 +0200","link":"https:\/\/www.merateonline.it\/notizie\/159385\/osnago-torneo-di-burraco-promosso-da-faresalute","author":"redazione@merateonline.it (Merateonline)","category":"Articolo","guid":"https:\/\/www.merateonline.it\/notizie\/159385\/osnago-torneo-di-burraco-promosso-da-faresalute"},{"title":"Palestra scuole superiori (Vigano', Agnesi)","description":"Buongiorno, di solito i rumors non mi interessano ma questo mi sembra incredibile e vorrei chiedere a Voi del giornale o a qualche lettore informato se questa notizia e' vera o meno. ho sentito dire che nella palestra appena inaugurata in pompa magna con taglio di nastro etc etc non si possano fare attivita' con palloni..... Sapete pallavolo, basket, calcetto.... palla prigioniera? perche' pare che se le pareti vengano colpite con forza tendano a...... rompersi, sgretolarsi.... spero sia una bufala, ma magari un fondo di verita' c'e'.... non si sa nulla? spero in una smentita grazie AlbertoAbbiamo interpellato il delegato provinciale agli Istituti scolastici Alessandro Negri il quale ha assicurato che il materiale utilizzato per rivestire le parteti della palestra \u00e8 certificato antiurto e antirumore e quindi non si sgretola ne si sbriciola. E, ha aggiunto, nessuno della Provincia di Lecco ha mai dato indicazioni come quelle contenute nella lettera. \u00a0","pubDate":"Thu, 03 Sep 2026 11:01:40 +0200","link":"https:\/\/www.merateonline.it\/notizie\/159390\/palestra-scuole-superiori-vigano-agnesi","author":"redazione@merateonline.it (Merateonline)","category":"Articolo","guid":"https:\/\/www.merateonline.it\/notizie\/159390\/palestra-scuole-superiori-vigano-agnesi"},{"title":"PD: solidariet\u00e0 agli Amministratori","description":"Il Circolo del Partito Democratico di Osnago, Cernusco, Lomagna e Montevecchia esprime la propria totale solidariet\u00e0 al sindaco di Cernusco Lombardone Gennaro Toto, all\u2019assessore Antonio De Luca e al sindaco di Montevecchia Ivan Pendeggia, bersagli delle gravi scritte infamanti apparse nelle scorse ore.Condanniamo con la massima fermezza questo gesto. Imbrattare gli spazi pubblici, per di pi\u00f9 in prossimit\u00e0 di un luogo sensibile e di memoria come il cimitero, rappresenta un'offesa rivolta all'intera cittadinanza. La democrazia si nutre di confronto e di critica, che pu\u00f2 e deve essere anche aspra, ma che ha l'obbligo di muoversi esclusivamente all'interno del perimetro del dialogo civile e del totale rispetto della persona.Rinnoviamo la nostra sincera vicinanza agli amministratori colpiti, ribadendo un principio fondamentale per la nostra convivenza democratica: l'insulto, la calunnia e il vandalismo anonimo non devono mai essere strumenti per esprimere il proprio dissenso.","pubDate":"Thu, 03 Sep 2026 09:13:50 +0200","link":"https:\/\/www.merateonline.it\/notizie\/159383\/pd-solidarieta-agli-amministratori","author":"redazione@merateonline.it (Merateonline)","category":"Articolo","guid":"https:\/\/www.merateonline.it\/notizie\/159383\/pd-solidarieta-agli-amministratori"},{"title":"Rino Barbieri: ambulanti e negozianti in crisi, troppi concorrenti, ipermercati e abusivi","description":"Una carriera ultradecennale come presidente della Fiva (Federazione italiana venditori ambulanti), prima a Como e poi a Lecco, fa di Rino Barbieri un personaggio che merita di essere conosciuto.\u00a0Anche perch\u00e9 non ha esitato a dimettersi da una carica prestigiosa quando nel 2024 \u00e8 venuta meno la sintonia con Confcommercio, la sua associazione di riferimento, da cui non si sentiva supportato nelle sue battaglie contro l\u2019abusivismo.Il mondo del commercio, e non solo quello ambulante, per lui non ha segreti.Avendolo frequentato e indagato con partecipazione umana e da una posizione privilegiata dovuta al ruolo che ricopriva, lo conosce in ogni sua piega.Ecco perch\u00e9 la sua voce merita di essere ascoltata.Barbieri, come vede oggi la situazione del commercio?\u201cNon bene. Ci sono troppi supermercati, ipermercati e centri commerciali: in Lombardia sono 3.000. Cos\u00ec i negozi di vicinato muoiono e anche il commercio ambulante ne soffre\u201d.Ci pu\u00f2 dare qualche dato?\u201cA Olginate hanno aperto quattro supermercati e le bancarelle si sono dimezzate, da 42 si sono ridotte a 20. Idem a Brivio: ne sono rimaste una ventina, prima erano il doppio\u201d.Ma la causa \u00e8 solo l\u2019apertura dei supermercati?\u201cConta anche dove il mercato ambulante \u00e8 posizionato. Deve stare in centro, altrimenti non ci va nessuno. A Lecco, da quando l\u2019hanno spostato a La Piccola, il mercato \u00e8 morto. Proviamo a pensare: chi frequenta i mercati? Soprattutto le persone anziane, che per la maggior parte non amano o non possono percorrere molta strada a piedi. Pensiamo poi che a volte anche il tempo pu\u00f2 essere inclemente.... L\u2019unico che non \u00e8 in centro e funziona \u00e8 quello al Lavello, perch\u00e9 ormai ha una sua tradizione\u201d.Il mercato deve stare in centro quindi. Ma per i negozi di vicinato \u00e8 un aiuto o \u00e8 concorrenza?\u201cAnche i negozi ne beneficiano, perch\u00e9 chi va al mercato poi magari ne approfitta per fare acquisti anche negli esercizi commerciali. Pu\u00f2 darsi che a qualcuno, che ha una clientela di alto livello, la presenza delle bancarelle dia fastidio, ma sono pochi casi. Un altro motivo per cui \u00e8 meglio che gli ambulanti stiano in zona centrale \u00e8 la presenza dei bar\u201d.In effetti a Merate il marted\u00ec i bar del centro sono strapieni.\u00a0\u201cS\u00ec, per\u00f2 a Merate hanno spostato i banchi degli alimentari in piazza don Minzoni. Secondo me hanno sbagliato. Comunque il mercato di Merate \u00e8 importante, vale tanto\u201d.\u00a0In che senso? I mercati hanno un valore?\u201cCertamente, c\u2019\u00e8 una classifica che in base ad alcuni parametri, come per esempio il luogo in cui sono posizionati, ne determina il valore. Se un ambulante decide di cedere il proprio spazio questo valore determiner\u00e0 il prezzo. Un altro mercato che vale molto \u00e8 quello di Oggiono, anch\u2019esso in centro\u201d.La conversazione con l\u2019ex presidente Fiva si allarga ...","pubDate":"Thu, 03 Sep 2026 12:50:24 +0200","link":"https:\/\/www.merateonline.it\/notizie\/159392\/rino-barbieri-ambulanti-e-negozianti-in-crisi-troppi-concorrenti-ipermercati-e-abusivi","author":"redazione@merateonline.it (Merateonline)","category":"Articolo","guid":"https:\/\/www.merateonline.it\/notizie\/159392\/rino-barbieri-ambulanti-e-negozianti-in-crisi-troppi-concorrenti-ipermercati-e-abusivi"},{"title":"Robbiate: semaforo \"difettoso\"","description":"Articolo: Semafori di Robbiate e viabilit\u00e0 localeQualche giorno fa mi sono rivolta alla Polizia Locale Intercomunale proprio per capire come mai, anche in orari non di punta, ci sia questo problema. Mi \u00e8 stato spiegato che il problema \u00e8 la conseguenza di un incidente stradale che ha danneggiato irreparabilmente una delle componenti dell'impianto semaforico tra Via Riva e Via Bonfanti. In attesa della sostituzione del componente danneggiato l'azienda che si occupa della manutenzione dell'impianto ha dovuto introdurre un ulteriore \"fase\" semaforica per consentire il passaggio degli autobus provenienti dalla stazione di Paderno. Tale \"fase\", che prima era attiva solo quando era effettivamente presente un autobus, ora purtroppo \u00e8 attiva sempre, il che determina l'allungamento dei tempi di rosso sulla Via Riva.\u00a0","pubDate":"Thu, 03 Sep 2026 17:08:05 +0200","link":"https:\/\/www.merateonline.it\/notizie\/159399\/robbiate-semaforo-difettoso","author":"redazione@merateonline.it (Merateonline)","category":"Articolo","guid":"https:\/\/www.merateonline.it\/notizie\/159399\/robbiate-semaforo-difettoso"},{"title":"Semafori di Robbiate e viabilit\u00e0 locale","description":"Domando sommessamente:negli ultimi giorni \u00e8 stata modificata la temporizzazione dei semafori di Robbiate sulla SP 54 all'altezza incrocio con via Bonfanti? (Ma anche all'incrocio con la SP 56).\u00c8 voluta o non se ne \u00e8 accorto nessuno?Alle 19:30, lungo la direzione pi\u00f9 trafficata, da e verso il ponte di Paderno-Calusco, ho contato approssimativamente un rosso che dura circa 75 secondi ed un verde che ne dura circa 20.Mi sbaglio?\u00a0Qualcuno ha notato gli effetti?L'incrocio su nominato, fra l'altro, \u00e8 gi\u00e0 molto penalizzante per il traffico, perch\u00e9 se un auto proveniente dalla SP 54 viaggia in direzione Paderno e svolta in via Bonfanti, sostanzialmente blocca tutto il traffico alle sue spalle che procede in direzione del ponte. Questo perch\u00e9 una (troppo?) ampia area riservata ai pedoni impedisce di aggirare il veicolo che svolta. (E lo spazio se meglio gestito e senza penalizzare la sicurezza dei pedoni ci sarebbe).Mi sembra che al pari della rotonda di Lomagna in direzione tangenziale est si stiano creando colli di bottiglia anzich\u00e9 toglierne. A breve sentiremo lamentarsi di coda ferma fin da Osnago.E non sono in favore dei Gran Premi di F1 sulle strade cittadine, eh!Del suicidario inutilizzo delle corsie ciclabili a Carvico da parte degli agenti diritto, ne parliamo un'altra volta.","pubDate":"Thu, 03 Sep 2026 10:59:07 +0200","link":"https:\/\/www.merateonline.it\/notizie\/159389\/semafori-di-robbiate-e-viabilita-locale","author":"redazione@merateonline.it (Merateonline)","category":"Articolo","guid":"https:\/\/www.merateonline.it\/notizie\/159389\/semafori-di-robbiate-e-viabilita-locale"},{"title":"Solidariet\u00e0 conflittuale","description":"Articolo: FdI: solidali con Toto e De LucaLeggendo tutti gli interventi di solidariet\u00e0 e di condanna da parte delle forze politiche, mi sono imbattuta nella chiusura di un comunicato di un partito che affermava: \u201cingiurie infamanti dettate dalla condotta cattiva di certa parte politica\u201d. Orbene, la condanna di chi insulta o denigra in forma anonima chi fa politica deve valere per tutti, indipendentemente dal colore partitico. A mio parere difendere un esponente della propria coalizione da un attacco anonimo \u00e8 doveroso e condivisibile. Meno condivisibile \u00e8 strumentalizzare quell'episodio per attribuirne la responsabilit\u00e0 morale a una parte politica avversaria. Cos\u00ec facendo, un gesto di solidariet\u00e0 si trasforma in un pretesto per alimentare lo scontro.Cordialit\u00e0\u00a0","pubDate":"Thu, 03 Sep 2026 08:50:30 +0200","link":"https:\/\/www.merateonline.it\/notizie\/159381\/solidarieta-conflittuale","author":"redazione@merateonline.it (Merateonline)","category":"Articolo","guid":"https:\/\/www.merateonline.it\/notizie\/159381\/solidarieta-conflittuale"},{"title":"SP 342 dir. rotonda che peggiora la fluidit\u00e0","description":"Alla rotonda del Pino gi\u00e0 si poteva morire in coda prima, che la precedenza giustamente ce l'aveva chi percorre a la provinciale, figuriamoci adesso che ognuno ha la precedenza sull'altro come nelle rotonde classiche.. Stessa situazione peggiorativa \u00e8 accaduta quando \u00e8 stata rifatta la rotonda del decathlon ad osnago, \u00e8 li da vedere le code infinite a qualsiasi ora a differenza di prima. Ma noi possiamo subire sempre l'incapacit\u00e0 delle scelte di chi ci governa?","pubDate":"Thu, 03 Sep 2026 16:45:59 +0200","link":"https:\/\/www.merateonline.it\/notizie\/159395\/sp-342-dir-rotonda-che-peggiora-la-fluidita","author":"redazione@merateonline.it (Merateonline)","category":"Articolo","guid":"https:\/\/www.merateonline.it\/notizie\/159395\/sp-342-dir-rotonda-che-peggiora-la-fluidita"},{"title":"Verderio: 4 milioni di \u20ac per il  potenziamento depuratore","description":"Al via le opere di efficientamento dell\u2019impianto a servizio dei comuni di Paderno d\u2019Adda, Robbiate e Verderio. Lario Reti Holding ha avviato un importante piano di interventi per l\u2019adeguamento e l\u2019ottimizzazione dell\u2019impianto di depurazione a servizio dell'agglomerato di Verderio Inferiore. L\u2019impianto, costruito nel 1980, tratta inoltre i reflui dei comuni di Paderno d\u2019Adda, e Robbiate.Situata in Strada Consortile dei Grilli, nella zona sud del territorio comunale, l\u2019infrastruttura \u00e8 al centro di un significativo progetto di potenziamento dal valore complessivo di 4.100.000 euro. Il progetto \u00e8 stato sviluppato mantenendo invariata la potenzialit\u00e0 complessiva della struttura, pari a 20.000 Abitanti Equivalenti (AE), ma concentrandosi sull'adeguamento di alcune sezioni strategiche per elevare la qualit\u00e0 del trattamento depurativo e introdurre i necessari volumi di accumulo.Per ottimizzare la gestione dei flussi dei reflui, le attivit\u00e0 sono state suddivise tra l'area esterna e l'interno del sito. Sul fronte esterno, gli interventi prevedono la realizzazione di un nuovo manufatto per la scolmatura della portata in arrivo dalla rete fognaria, abbinato a una sezione per la rimozione dei solidi dai sovraflussi idraulici, che verranno poi convogliati verso una nuova vasca di accumulo e al relativo sistema di sollevamento.All'interno dell'impianto, invece, l'efficienza viene perseguita attraverso il riutilizzo intelligente delle strutture esistenti: le attuali vasche di stabilizzazione aerobica saranno convertite per ospitare il processo biologico, mentre la vecchia vasca di ossidazione dei bottini verr\u00e0 trasformata nella nuova sezione di stabilizzazione aerobica dei fanghi.I lavori, iniziati nel mese di agosto 2026, si svilupperanno progressivamente per concludersi nel corso del 2027.","pubDate":"Thu, 03 Sep 2026 17:10:46 +0200","link":"https:\/\/www.merateonline.it\/notizie\/159400\/verderio-4-milioni-di-per-il-potenziamento-depuratore","author":"redazione@merateonline.it (Merateonline)","category":"Articolo","guid":"https:\/\/www.merateonline.it\/notizie\/159400\/verderio-4-milioni-di-per-il-potenziamento-depuratore"},{"title":"Verderio: a ottobre la prima edizione del Festival ABBIAMO, dedicato al volontariato","description":"Da un\u2019idea di Alessio Bellan e Alessio Buso, con il supporto logistico di ABC Sport ASD, nasce a Verderio il Festival ABBIAMO, in programma domenica 4 ottobre, dalle 14 alle 19, al Centro Sportivo. L\u2019iniziativa, organizzata da ABBO APS e patrocinata dal CSV Monza Lecco Sondrio \u2013 Centro di Servizio per il Volontariato, riunir\u00e0 associazioni provenienti dalle province di Lecco, Milano e Bergamo. L\u2019ingresso sar\u00e0 gratuito. L\u2019obiettivo sar\u00e0 quello di offrire alle realt\u00e0 partecipanti un\u2019occasione per presentarsi ai cittadini, ma anche per conoscersi tra loro e creare nuovi contatti.\u201cPer un pomeriggio vogliamo che i protagonisti siano i volontari \u2013 spiega Alessio Bellan, presidente di ABBO APS \u2013. Sono persone che dedicano gratuitamente tempo e competenze agli altri, ma spesso quello che fanno rimane poco conosciuto. Il Festival nasce per dare loro spazio e per far incontrare realt\u00e0 che operano a pochi chilometri di distanza senza avere molte occasioni di collaborare\u201d.Il momento della firma dell'atto costitutivoABBIAMO non sar\u00e0 una semplice successione di tavoli informativi. Le associazioni proporranno giochi, dimostrazioni e piccole attivit\u00e0 attraverso le quali i visitatori potranno avvicinarsi ai loro progetti. Durante il percorso tra gli stand sar\u00e0 inoltre possibile raccogliere le firme delle diverse realt\u00e0 su un poster numerato realizzato appositamente per la prima edizione del Festival. Dalle 14.30 inizieranno i Talk: brevi conversazioni moderate dedicate alle esperienze e ai temi portati dalle associazioni. Gli interventi spazieranno dal lavoro umanitario alla tecnologia, dalla cultura e sicurezza dei giovani alla tutela dell\u2019ambiente e degli ecosistemi montani.Tra le presenze confermate figura anche Medici Senza Frontiere, che parteciper\u00e0 con i volontari del gruppo di Bergamo. Accanto a MSF saranno presenti realt\u00e0 impegnate nel sociale, nella cultura digitale, nell\u2019inclusione, nella salute e nella vita delle comunit\u00e0 locali.A ideare e sviluppare il progetto sono stati Alessio Bellan e Alessio Buso, rispettivamente presidente e vicepresidente di ABBO APS. Bellan ha vent\u2019anni, lavora come sviluppatore web e studia; Buso, ventuno anni, lavora come grafico e segue anche l\u2019identit\u00e0 visiva e la comunicazione dell\u2019associazione. La risposta iniziale non \u00e8 stata immediata. La svolta \u00e8 arrivata quando, nell\u2019arco di circa due settimane, le disponibilit\u00e0 raccolte sono passate da quattro a una quindicina. Poco dopo \u00e8 arrivato anche il patrocinio del CSV. \u201cA quel punto ci siamo guardati e abbiamo capito che il Festival si sarebbe fatto davvero\u201d, racconta Bellan.La giornata terminer\u00e0 con un momento di festa e, successivamente, con un aperitivo di rete dedicato alle associazioni e agli ospiti. Un\u2019occasione informale per continuare a conoscersi anche dopo la chiusura degli stand. Quella del 4 ottobre sar\u00e0 la prima edizione, ma l\u2019intenzione degli organizzatori \u00e8 fare del Festival ABBIAMO un appuntamento annuale, capace nel tempo di coinvolgere un numero sempre maggiore di realt\u00e0. \u201cPer noi sar\u00e0 un successo se ...","pubDate":"Thu, 03 Sep 2026 17:40:25 +0200","link":"https:\/\/www.merateonline.it\/notizie\/159401\/verderio-a-ottobre-la-prima-edizione-del-festival-abbiamo-dedicato-al-volontariato","author":"redazione@merateonline.it (Merateonline)","category":"Articolo","guid":"https:\/\/www.merateonline.it\/notizie\/159401\/verderio-a-ottobre-la-prima-edizione-del-festival-abbiamo-dedicato-al-volontariato"},{"title":"Viabilit\u00e0 provinciale","description":"Articolo: L'ingresso alla tangenziale est chiuso almeno sino all'11. Rischio paralisi del trafficoLa viabilit\u00e0 in provincia di Monza BrianzaBuongiorno, credo di capire che chi gestisce la viabilit\u00e0 abbia fatto un corso specialistico per creare il massimo disagio agli utenti. Percorro il seguente tratto per lavoro tutti i giorni : Olgiate Molgora- Cernusco sul Naviglio e purtroppo sono costretta a transitare sul famigerato ponte di Usmate per immettermi in tangenziale Est direzione nord. 1) dovevano proprio programmare la chiusura del ponte di Usmate al rientro dalla pausa estiva della stragrande maggioranza dei lavoratori? 2) la segnaletica della \"deviazione\" e' stata fatta da persona ubriaca ? se segui la segnaletica che indica A51 Milano ti ritrovi esattamente in direzione opposta verso Lecco. 3) alla famosa rotonda del \"pino\" (mi esimo dai commenti) vuoi provare ad andare in direzione Carnate? Questa mattina 03\/09\/26 anche sulla deviazione c'erano lavori in corso con chiusura di una carreggiata e, naturalmente LUNGA coda per immettersi in tangenziale Est. 4) Nel tragitto casa lavoro questa mattina ho incontrato n. 5 cantieri per lavori in corso, restringimento carreggiate, deviazioni. Tempo di percorrenza del mio tragitto di 25 km : 1 ora e 5 minuti Alla sera il ritorno verso Lecco e' ancora peggio. Mi chiedo perch\u00e8 dobbiamo subire tutto questo? Non scordiamo che tutto il personale coinvolto della Provincia Monza e Brianza e' pagato da noi cittadini, e che il loro obiettivo sarebbe di creare il minor disagio possibile agli utenti.","pubDate":"Thu, 03 Sep 2026 17:01:00 +0200","link":"https:\/\/www.merateonline.it\/notizie\/159396\/viabilita-provinciale","author":"redazione@merateonline.it (Merateonline)","category":"Articolo","guid":"https:\/\/www.merateonline.it\/notizie\/159396\/viabilita-provinciale"},{"title":"Viabilit\u00e0: rotonda del \"Pino\" e considerazioni dei politici","description":"La nuova configurazione della rotonda del Pino dovrebbe, almeno negli intenti, aumentare la sicurezza dell'incrocio Detto questo, gi\u00e0 oggi il nuovo assetto sta portando ad un aumento delle code e dei rallentamenti, soprattutto negli orari di maggiore afflusso (e, dato il periodo, non siamo arrivati ancora a \"regime\", non oso immaginare le mattine dopo l'inizio delle scuole). Vedremo se, una volta terminati i lavori la situazione migliorer\u00e0 anche se temo di no. Ma il tema vero \u00e8 che nei prossimi anni questo snodo, di fatto un imbuto a ridosso della Tangenziale Est, dovr\u00e0 fare i conti con la Pedemontana che terminer\u00e0 ad Usmate, con inevitabili ripercussioni sulla distribuzione dei flussi di traffico nella zona. Pi\u00f9 a monte, per chi dal Lecchese o dalla Bergamasca andr\u00e0 verso Milano, ricordiamo poi che presto o tardi anche il San Michele verr\u00e0 chiuso al traffico e ci saranno probabilmente altri nuovi cantieri per il raddoppio del ponte. Con altro traffico che andr\u00e0 ancora a peggiorare. Mentre da un lato continuiamo a vedere soldi investiti in infrastrutture per far circolare automobili e mezzi pesanti, dall'altro mancano ancora alternative realmente efficienti: trasporto pubblico frequente e capillare, collegamenti tra i comuni, interscambio ferro-gomma e mobilit\u00e0 ciclabile sicura (perch\u00e9 quest'ultima ad oggi non lo \u00e8 affatto). E qui, al di l\u00e0 della destra o della sinistra, che c'\u00e8 forse il problema pi\u00f9 grande: l'assenza di una politica che si faccia veramente carico di questi problemi quotidiani dei cittadini. Si parla molto di grandi temi, di schieramenti, di slogan e di polemiche, mentre poi questioni concrete come traffico, trasporti, tempi di percorrenza, sicurezza delle strade e qualit\u00e0 della vita sembrano non avere mai la stessa attenzione (sia da parte di politici che da parte degli elettori). Quando arriver\u00e0 il momento di votare, non dovremmo lasciarci distrarre soltanto dai grandi temi nazionali, dalle polemiche sui migranti, dalle guerre culturali, dalle promesse dell'ultimo minuto o, in generale, dal solito teatrino tra destra e sinistra. Per una volta guardiamo anche a ci\u00f2 che succede veramente fuori dalla porta di casa nostra. Perch\u00e9 una politica che non riesce a occuparsi concretamente dei problemi che i cittadini affrontano ogni giorno, indipendentemente dal colore politico, ha perso di vista una parte essenziale del proprio scopo.","pubDate":"Thu, 03 Sep 2026 09:30:09 +0200","link":"https:\/\/www.merateonline.it\/notizie\/159386\/viabilita-rotonda-del-pino-e-considerazioni-dei-politici","author":"redazione@merateonline.it (Merateonline)","category":"Articolo","guid":"https:\/\/www.merateonline.it\/notizie\/159386\/viabilita-rotonda-del-pino-e-considerazioni-dei-politici"},{"title":"A Osnago \"Pasolini. Una storia romana\"","description":"In arrivo domani 3 settembre a Osnago per \u201cL\u2019ultima luna d\u2019estate \u2013 Festival teatrale nelle ville e nei parchi pi\u00f9 belli della Brianza\u201d, la 29^ edizione realizzata da Teatro Invito e da Piccoli Idilli in collaborazione con il Consorzio Brianteo Villa Greppi, l\u2019attore e regista tra i pi\u00f9 amati del teatro italiano Massimo Popolizio, accompagnato dalle musiche eseguite dal vivo al violoncello da Giovanna Famulari in \u201cPasolini. Una storia romana\u201d, sul palcoscenico all\u2019aperto di Piazza della Pace, alle 21.00.Massimo Popolizio (foto Giuseppe Distefano)Popolizio, il cui ricco palmares conta come interprete ben quattro Premi Ubu, ripercorrer\u00e0 e intreccer\u00e0, in una magistrale interpretazione, il racconto di un lungo capitolo della vita di Pasolini - dal suo arrivo nella citt\u00e0 eterna nei primi anni \u201850 fino alla sua tragica morte nel 1975 - con i pi\u00f9 celebri testi dell\u2019autore, tra cui \u201cRagazzi di vita\u201d, romanzo messo in scena nel 2017 che valse a Popolizio un Premio Ubu per la miglior regia.\u00abAttraverso \u201cRagazzi di Vita\u201d e \u201cUna Vita Violenta\u201d \u2013 scrive Popolizio \u2013 abitiamo la realt\u00e0 post-bellica delle borgate romane e dei ragazzi che le popolano, siamo immersi in uno spaccato di periferia intrisa di povert\u00e0 assoluta ma anche di geniali ed esilaranti espedienti per tirare a campare tipici dello spirito goliarda e spensierato dei suoi abitanti\u00bb. \u00a0 \u00a0 \u00a0 Giovanna Famulari\u00a0\u00a0Ascoltando poi le poesie e i brani dalle raccolte \u201cReligione del mio Tempo\u201d e \u201cScritti Corsari\u201d si resta sopraffatti perch\u00e9 il poeta \u201cprofeta\u201d, da immenso intellettuale qual \u00e8 stato, attraverso la critica al perbenismo e conformismo del suo tempo, individua in maniera lucida e spietata le responsabilit\u00e0 del degrado culturale che ancora oggi ci circonda. \u00abIn Pasolini, per\u00f2 \u2013 prosegue Massimo Popolizio \u2013 il senso del tragico e quello del comico non si oppongono mai, ma si trasformano. Ed \u00e8 grazie a questo miracolo e all\u2019aiuto dello struggente violoncello di Giovanna Famulari che possiamo assistere a una serata veramente irripetibile\u00bb.","pubDate":"Wed, 02 Sep 2026 16:27:57 +0200","link":"https:\/\/www.merateonline.it\/notizie\/159361\/a-osnago-pasolini-una-storia-romana","author":"redazione@merateonline.it (Merateonline)","category":"Articolo","guid":"https:\/\/www.merateonline.it\/notizie\/159361\/a-osnago-pasolini-una-storia-romana"},{"title":"Acinque: \u201cTorna in classe\u201d. Riparte il Progetto Scuola","description":"Conoscenze e azioni concrete per coinvolgere i pi\u00f9 giovani nelle sfide ambientali del nostro tempo e trasformarli in protagonisti della transizione energetica. Torna, per l\u2019anno scolastico 2026\/27, \u201cAcinque a Scuola\u201d, il consolidato progetto educativo della multiutility lombarda rivolto agli istituti superiori delle province di Como, Lecco, Monza Brianza, Sondrio e Varese che durante lo scorso anno scolastico ha coinvolto oltre 1.100 studenti, 53 classi e 17 istituti superiori. Le iscrizioni per la nuova edizione sono aperte fino al 30 ottobre 2026.La nuova proposta educativa, intitolata \u201cGenerazione Clima: idee, energia e azioni per il pianeta\u201d, offre alle classi l\u2019opportunit\u00e0 di approfondire argomenti connessi al futuro dei territori e del pianeta. L\u2019obiettivo \u00e8 avvicinare studenti e studentesse ai temi della sostenibilit\u00e0 attraverso un approccio interattivo, capace di affiancare alle conoscenze teoriche attivit\u00e0 laboratoriali, esperienze dirette e occasioni di confronto con educatori ed esperti. Il progetto \u00e8 realizzato con il supporto di Achab Group \u2013 Societ\u00e0 Benefit.\u00a0\u201cLavorare con i giovani sui temi della sostenibilit\u00e0 e della transizione energetica rappresenta per Acinque un impegno concreto verso il futuro - sottolinea Matteo Barbera, presidente del Gruppo Acinque - Vogliamo offrire loro conoscenze, strumenti e occasioni di confronto che li aiutino a comprendere il cambiamento e a diventarne parte attiva. Investire nella consapevolezza delle nuove generazioni significa contribuire alla crescita responsabile delle comunit\u00e0 e dei territori in cui operiamo\u201d.Le attivit\u00e0 dell\u2019edizione 2026\/27Il programma di quest\u2019anno comprende incontri formativi dedicati all\u2019economia circolare, alla valorizzazione energetica e alla tutela della risorsa idrica. Tra le novit\u00e0 figura il modulo \u201cFibre in circolo: moda responsabile e sostenibile\u201d, pensato per approfondire l\u2019impatto ambientale e sociale dell\u2019industria tessile e promuovere comportamenti di consumo pi\u00f9 consapevoli.\u00a0Sono confermate anche le attivit\u00e0 laboratoriali per imparare a riconoscere il greenwashing, i percorsi di alternanza scuola-lavoro e le visite didattiche agli impianti di Acinque, che consentono agli studenti di conoscere concretamente tecnologie e professioni collegati alla gestione dell\u2019energia, dell\u2019acqua e delle risorse.\u00a0Completa la proposta il nuovo contest \u201cUn Haiku per il pianeta\u201d, una sfida letteraria che inviter\u00e0 le classi a raccontare la Terra e la sostenibilit\u00e0 attraverso brevi componimenti poetici. Per la scuola vincitrice \u00e8 prevista la rappresentazione teatrale del monologo di divulgazione scientifica \"Evoluzione - Riflessioni postume di un australopiteco\".I docenti possono iscrivere le proprie classi entro il 30 ottobre 2026, scrivendo all\u2019indirizzo acinque@educazione.org.","pubDate":"Wed, 02 Sep 2026 16:34:50 +0200","link":"https:\/\/www.merateonline.it\/notizie\/159363\/acinque-torna-in-classe-riparte-il-progetto-scuola","author":"redazione@merateonline.it (Merateonline)","category":"Articolo","guid":"https:\/\/www.merateonline.it\/notizie\/159363\/acinque-torna-in-classe-riparte-il-progetto-scuola"},{"title":"Ancora loro","description":"Articolo: Osnago: banda di extracomunitari picchia ferocemente un connazionale forse per cause di droga. Paura fra i residentiAncora una volta le risorse della Boldrini hanno mostrato il meglio di s\u00e8. ma finch\u00e8 si massacrano tra loro lasciamoli fare...si auto eliminano e noi stiamo tutti meglio.","pubDate":"Wed, 02 Sep 2026 14:50:44 +0200","link":"https:\/\/www.merateonline.it\/notizie\/159355\/ancora-loro","author":"redazione@merateonline.it (Merateonline)","category":"Articolo","guid":"https:\/\/www.merateonline.it\/notizie\/159355\/ancora-loro"},{"title":"Brava Enrica","description":"Articolo: Enrica Ceppi, mamma antifascista del Leoncavallo: \"Io sono mia\"Brava Enrica sempre solidale con una Politica di Sinistra e una vita di lotta al Femminile un abbracci","pubDate":"Wed, 02 Sep 2026 17:36:04 +0200","link":"https:\/\/www.merateonline.it\/notizie\/159375\/brava-enrica","author":"redazione@merateonline.it (Merateonline)","category":"Articolo","guid":"https:\/\/www.merateonline.it\/notizie\/159375\/brava-enrica"},{"title":"CALCO: CERCASI ADDETTO\/A MOVIMENTAZIONE E CARICO\/SCARICO MEZZI","description":"Growermetal s.p.a., azienda metalmeccanica con sede a Calco (LC), ricerca un Addetto\/a Movimentazione e Carico\/Scarico MezziLa risorsa, inserita all\u2019interno del magazzino, si occuper\u00e0 di:Movimentazione interna dei materiali mediante carrello elevatore.Carico e scarico dei mezzi di trasporto.Aggiornamento dello stato delle spedizioni nel sistema informativo aziendale e archiviazione della documentazioneVerifica delle informazioni relative alle spedizioni, quali programmi di carico, targhe dei mezzi e comunicazioni operative.Controllo della merce in arrivo con compilazione e timbratura dei documenti di trasporto (DDT).Supporto alle attivit\u00e0 di magazzino e spedizione nel rispetto delle procedure aziendali.Requisiti:Patentino per la conduzione del carrello elevatore in corso di validit\u00e0.Esperienza, anche breve, in attivit\u00e0 di magazzino, movimentazione merci o spedizioni.Completano il profilo la precisione e attenzione ai dettagli, capacit\u00e0 organizzative e di gestione delle priorit\u00e0.Orario di lavoro a giornata 8-12 e13.30-17.30 dal luned\u00ec al venerd\u00ec.\u00a0Per maggiori informazioni visita il sito: https:\/\/growermetal.com\/careers\/ o invia la candidatura a career@growermetal.com","pubDate":"Wed, 02 Sep 2026 17:03:17 +0200","link":"https:\/\/www.merateonline.it\/notizie\/159368\/calco-cercasi-addetto-a-movimentazione-e-carico-scarico-mezzi","author":"redazione@merateonline.it (Merateonline)","category":"Articolo","guid":"https:\/\/www.merateonline.it\/notizie\/159368\/calco-cercasi-addetto-a-movimentazione-e-carico-scarico-mezzi"},{"title":"Cernusco: al diffamatore anonimo","description":"Articolo: Cernusco: scritte infamanti a danno di Toto e De LucaA mio modo di vedere, chi scrive frasi ingiuriose in forma anonima contro un avversario politico \u00e8 un diffamatore vigliacco, che non ha il coraggio delle proprie opinioni. A chi ha commesso questo atto vorrei dire che quel gesto non indebolisce, ma rafforza proprio la persona che voleva colpire. In democrazia, l\u2019unica arma davvero efficace resta il voto della prossima tornata elettorale.\u00a0","pubDate":"Wed, 02 Sep 2026 14:49:19 +0200","link":"https:\/\/www.merateonline.it\/notizie\/159353\/cernusco-al-diffamatore-anonimo","author":"redazione@merateonline.it (Merateonline)","category":"Articolo","guid":"https:\/\/www.merateonline.it\/notizie\/159353\/cernusco-al-diffamatore-anonimo"},{"title":"Cernusco: scritta sul muro contro Toto e Pendeggia","description":"E' evidentemente la stessa mano quella che ha colpito anche alla rotatoria che dalla SP54 conduce alla stazione ferroviaria di Cernusco. A carattere stampatello, con colore verde e medesima grafia (senza necessit\u00e0 di consultare un esperto), lo sconosciuto nella notte ha preso di mira nuovamente il sindaco Gennaro Toto e il suo \u201ccollega\u201d di Montevecchia, Ivan Pendeggia.Anche in questo caso l'accusa \u00e8 infamante e gravissima e ora sono in corso gli accertamenti, cos\u00ec come per quanto comparso a danno anche di De Luca al cimitero di Cernusco, per risalire all'autore della scritta e alle motivazioni del gesto.","pubDate":"Wed, 02 Sep 2026 11:48:57 +0200","link":"https:\/\/www.merateonline.it\/notizie\/159348\/cernusco-scritta-sul-muro-contro-toto-e-pendeggia","author":"redazione@merateonline.it (Merateonline)","category":"Articolo","guid":"https:\/\/www.merateonline.it\/notizie\/159348\/cernusco-scritta-sul-muro-contro-toto-e-pendeggia"},{"title":"Cernusco: scritte infamanti a danno di Toto e De Luca","description":"Una accusa infamante a danno del sindaco Gennaro Toto e dell'assessore Antonio De Luca \u00e8 comparsa questa notte sul muro perimetrale del cimitero.Tracciata a caratteri stampatello con bomboletta di colore verde, sulla parete angolare, che accusa i due amministratori di utilizzare i soldi dei cittadini per altre \"attivit\u00e0\".Al momento nulla si sa circa l'orario in cui le accuse sono state vergate n\u00e8 chiaramente chi sia la mano che le ha siglate.Qualche elemento utile potrebbe arrivare dal sistema di videosorveglianza della zona.Non \u00e8 la prima volta che sindaco e assessore finiscono nel mirino di qualche \"testa calda\".Nei mesi scorsi l'auto del primo cittadino era stata vandalizzata e anche lo stesso De Luca era stato oggetto di atti di medesima natura.Il gruppo politico di maggioranza \u201cIdentit\u00e0 e Futuro Nostro Cernusco\u201d esprime piena solidariet\u00e0 al Sindaco Toto e all\u2019Assessore De Luca per le scritte offensive comparse nelle scorse ore nei pressi del cimitero comunale.La segnalazione \u00e8 arrivata questa mattina, intorno alle ore 5.30, da un cittadino che ringraziamo per il senso civico dimostrato. Quanto accaduto non ha nulla a che vedere con il libero confronto politico e democratico. Criticare un\u2019amministrazione, contestarne le decisioni e giudicarne l\u2019operato \u00e8 legittimo e fa parte della vita di una comunit\u00e0. Durante un mandato amministrativo possono nascere contrasti e tensioni politiche anche forti. Tutto questo, per\u00f2, deve restare entro il perimetro del confronto civile e democratico e non pu\u00f2 trasformarsi nell\u2019offesa personale e nell\u2019imbrattamento di spazi pubblici. A rendere l\u2019episodio ancora pi\u00f9 grave \u00e8 il luogo scelto: le scritte sono state realizzate in prossimit\u00e0 del cimitero comunale, un luogo che appartiene all\u2019intera comunit\u00e0 e che merita rispetto, indipendentemente da qualsiasi appartenenza o contrapposizione politica. Al Sindaco Toto e all\u2019Assessore De Luca va quindi la solidariet\u00e0 e la vicinanza dell\u2019intero gruppo \u201cIdentit\u00e0 e Futuro \u2013 Nostro Cernusco\u201d. Confidiamo che gli organi competenti possano fare piena luce sull\u2019accaduto e, ove possibile, individuare i responsabili. La politica pu\u00f2 essere anche dura e il dissenso netto. L\u2019insulto anonimo sui muri, per\u00f2, non \u00e8 confronto politico: \u00e8 soltanto un modo per sottrarsi ad esso","pubDate":"Wed, 02 Sep 2026 08:50:30 +0200","link":"https:\/\/www.merateonline.it\/notizie\/159343\/cernusco-scritte-infamanti-a-danno-di-toto-e-de-luca","author":"redazione@merateonline.it (Merateonline)","category":"Articolo","guid":"https:\/\/www.merateonline.it\/notizie\/159343\/cernusco-scritte-infamanti-a-danno-di-toto-e-de-luca"},{"title":"Colazione al sacco","description":"Articolo: Colazione al sacco senza il timore di farsi vederePer la nostra famiglia il pranzo al sacco \u00e8 un rito che si rinnova ad ogni escursione in montagna. Dopo lunghe ore di cammino, fermarsi su un sasso o su una panchina, con lo sguardo che domina il fondovalle, immersi in un silenzio ovattato appena disturbato dai rumori che salgono dal basso, \u00e8 un momento che ristora mente e corpo. Non lo baratterei mai con un pranzo in un rifugio stracolmo di escursionisti. Fa parte del vivere appieno la montagna, senza alcun imbarazzo nell'incrociare altri gitanti sui sentieri mentre addentiamo un gustoso panino. Fortunatamente quello che per noi \u00e8 un rito non ha nulla da spartire con le persone descritte dal dottor Magni, che in vacanza sono costrette al panino per ristrettezze economiche. Sarebbe una beffa se chi elabora le statistiche diffuse dai media le conteggiasse tra le famiglie fortunate andate in vacanza, rispetto a chi \u00e8 dovuto rimanere a casa per problemi economici. Cordialmente\u00a0","pubDate":"Wed, 02 Sep 2026 08:53:36 +0200","link":"https:\/\/www.merateonline.it\/notizie\/159344\/colazione-al-sacco","author":"redazione@merateonline.it (Merateonline)","category":"Articolo","guid":"https:\/\/www.merateonline.it\/notizie\/159344\/colazione-al-sacco"},{"title":"Colazione al sacco?","description":"Articolo: Colazione al sacco senza il timore di farsi vedereHo letto l'intervento del dr. Magni e sinceramente sono rimasto basito. Non capisco se lui abbia una concezione strana della montagna o se sia io che dopo 36 anni (la mia et\u00e0) di orgogliosa frequentazione della montagna posso avere una visione troppo personale. Sinceramente io appartengo in pieno a quella categoria di fruitori della montagna che pranza al sacco - beve acqua delle fontane - si muove in bicicletta per non prendere la macchina. Intanto sono stato abituato a pranzare al sacco innanzitutto perch\u00e9 non sempre ci sono rifugi e non sempre sono aperti. Pranzare all'aperto significa godersi appieno l'ambiente in cui si \u00e8 immersi, ascoltare i rumori della natura, prendersi del tempo per osservare con un binocolo e il paesaggio sperando di avere la fortuna di scorgere qualche animale selvatico... l'ho sempre fatto, tutti quelli che conosco che frequentano la montagna uguale e nessuno si \u00e8 mai vergognato, proprio perch\u00e9 lo fanno tutti! Dove ci sono fontane, io bevo sempre e solo quell'acqua. Le volte che mi fermo al rifugio guardo sempre incuriosito la gente che si fa portare l'acqua in bottiglietta quando \u00e8 magari disponibile quella potabile (non \u00e8 cos\u00ec dappertutto purtroppo), pagano per avere un prodotto che \u00e8 stato in giro mesi nella plastica quando potrebbero avere gratis ( o quasi) uno di qualit\u00e0 superiore, boh. Ed infine mi muovo in bici perch\u00e9 mi piace, mi diverto, fa bene alla salute, all'ambiente e pure al portafoglio, a differenza dell'auto che sono costretto a prendere dal luned\u00ec al venerd\u00ec per mancanza di alternative, che fa male a tutto. Insomma, se nelle sue osservazioni il il dr.Magni ha visto un sacco di gente \"strana\", non vorrei che la medesima impressione l'abbiano avuta gli osservati guardando lui...MarcoIl pranzo al sacco \u00e8 soltanto una immagine inserita in un contesto socio-economico assai pi\u00f9 complesso che il dr. Magni - a mio parere - ha molto bene esposto ricorrendo, appunto, a uno stereotipo. Le bellezze del pranzo al sacco, sono certo, le conosce molto ma molto bene. Non era certo questo il suo intento.","pubDate":"Wed, 02 Sep 2026 16:31:49 +0200","link":"https:\/\/www.merateonline.it\/notizie\/159362\/colazione-al-sacco","author":"redazione@merateonline.it (Merateonline)","category":"Articolo","guid":"https:\/\/www.merateonline.it\/notizie\/159362\/colazione-al-sacco"},{"title":"Collegio docenti di Trezzo a Villa Gina","description":"Oltre 100 docenti delle scuole dell'infanzia, primarie e secondarie di primo grado hanno aperto il nuovo anno scolastico nella sede del Parco Adda Nord. Un\u2019occasione per rinnovare il dialogo tra scuola, territorio ed educazione ambientale.Con la ripresa delle attivit\u00e0 scolastiche, Villa Gina ha ospitato il primo Collegio dei docenti dell\u2019Istituto Comprensivo \u201cAi Nostri Caduti\u201d di Trezzo sull\u2019Adda per l\u2019anno scolastico 2026\/2027.Ad aprire l\u2019incontro sono stati il Direttore del Parco Adda Nord Tomaso Colombo e la Dirigente scolastica Patrizia Santini. Il Direttore ha portato il saluto dell\u2019Ente e ringraziato l\u2019Istituto per aver scelto Villa Gina, sottolineando l\u2019importanza del rapporto tra scuola e Parco e auspicando la possibilit\u00e0 di sviluppare una coprogettazione di attivit\u00e0 educative e didattiche in sinergia.L\u2019occasione ha permesso di illustrare a grandi linee l\u2019offerta formativa e di educazione ambientale del Parco Adda Nord per l\u2019anno scolastico 2026\/2027: un programma pensato per accompagnare docenti, bambini e bambine, ragazzi e ragazze alla esplorazione dell\u2019ambiente, degli ecosistemi, della biodiversit\u00e0 e del paesaggio attraverso esperienze ludiche e di ricerca, attivit\u00e0 esplorative, programmi di citizen science e percorsi sul campo di conoscenza e di lettura della storia del territorio.Le proposte rappresentano uno spunto complesso a disposizione dei docenti per integrare la didattica con esperienze dirette nel Parco e trasformare il territorio in una vera e propria aula a cielo aperto.Ospitare l\u2019apertura dell\u2019anno scolastico a Villa Gina assume cos\u00ec un significato particolare: un momento di incontro che rinnova la collaborazione tra il Parco e il mondo della scuola e conferma l\u2019impegno comune nel promuovere, a partire dai cittadini pi\u00f9 giovani, conoscenza, consapevolezza e cura del territorio. A termine della breve introduzione \u00e8 stato consegnato come dono di benvenuto il libro sulla storia di Villa Gina, \"la Villa sulla Ripa di Concesa\" - un tempo anch'essa luogo scolastico e di educazione per la comunit\u00e0 trezzese.","pubDate":"Wed, 02 Sep 2026 17:12:26 +0200","link":"https:\/\/www.merateonline.it\/notizie\/159369\/collegio-docenti-di-trezzo-a-villa-gina","author":"redazione@merateonline.it (Merateonline)","category":"Articolo","guid":"https:\/\/www.merateonline.it\/notizie\/159369\/collegio-docenti-di-trezzo-a-villa-gina"},{"title":"Extraprofitti","description":"Articolo: Extra tassa sui profitti\"Extra tassa sui profitti. L'idea Ammonterebbero a 7,5 miliardi di euro, secondo Transport & environment, i guadagni straordinari ottenuti dalle maggiori societ\u00e0 energetiche europee. \"Veramente si tratterrebbe di tassare loro non i piccoli negozi. Poi siamo tutti dei Tajani che danno ai ricchi togliendo ai poveri.","pubDate":"Wed, 02 Sep 2026 14:49:54 +0200","link":"https:\/\/www.merateonline.it\/notizie\/159354\/extraprofitti","author":"redazione@merateonline.it (Merateonline)","category":"Articolo","guid":"https:\/\/www.merateonline.it\/notizie\/159354\/extraprofitti"},{"title":"FdI: solidali con Toto e De Luca","description":"Da parte del presidente provinciale e di tutto il direttivo di Fratelli D\u2019Italia si esprime la massima e completa solidariet\u00e0 al sindaco Gennaro Toto ed all\u2019assessore Antonio De Luca. Non \u00e8 accettabile che il confronto politico si riduca a delle scritte infamanti ed anonime.Non tutti possiamo essere d\u2019accordo con decisioni prese, ma ci sono i luoghi preposti per una discussione, sia pure accesa, ma che rimane nei confini del rispetto dei ruoli ricoperti, ma soprattutto nel rispetto delle personeTutto il partito si stringe intorno al sindaco ed assessore esprimendo completa fiducia nel loro operato, conscio che quanto scritto sono \u201csolo\u201d delle ingiurie infamanti dettate dalla condotta cattiva di certa parte politica.","pubDate":"Wed, 02 Sep 2026 18:33:12 +0200","link":"https:\/\/www.merateonline.it\/notizie\/159378\/fdi-solidali-con-toto-e-de-luca","author":"redazione@merateonline.it (Merateonline)","category":"Articolo","guid":"https:\/\/www.merateonline.it\/notizie\/159378\/fdi-solidali-con-toto-e-de-luca"},{"title":"Forza Italia: sostegno a Toto e Pendeggia","description":"\u00a0Forza Italia Provincia di Lecco esprime la pi\u00f9 ferma condanna ed un profondo sdegno per i gravissimi atti vandalici e diffamatori apparsi a Cernusco Lombardone, realizzati con bomboletta verde ai danni del Sindaco Gennaro Toto e del Sindaco Ivan Pendeggia.A loro va la nostra totale e incondizionata solidariet\u00e0. Attacchi di questa natura, contrassegnati da accuse infamanti e vigliacche tracciate sui muri pubblici e nei luoghi della comunit\u00e0, non rappresentano soltanto un'offesa personale ai diretti interessati, ma costituiscono un ferimento al decoro e al vivere civile dell'intero territorio.Siamo certi che le Forze dell\u2019Ordine e la Magistratura faranno quanto prima piena luce sull'accaduto, individuando il responsabile di questi gesti inaccettabili.Fare l\u2019amministratore locale oggi \u00e8 un compito arduo e complesso, che comporta quotidiani sacrifici, responsabilit\u00e0 enormi, impegno e profonda dedizione personale per il bene della propria collettivit\u00e0. Proprio per questo non \u00e8 tollerabile che chi si spende per la cosa pubblica debba diventare bersaglio di intimidazioni, odio o gogna di strada.Forza Italia crede con forza in una politica pura, guidata dalla \"P\" maiuscola: un\u2019azione fondata sul rispetto, sul confronto democratico e sul servizio ai cittadini. Come ricordava sempre il nostro fondatore Silvio Berlusconi, \u00abNon c'\u00e8 nulla di pi\u00f9 bello che battersi per il proprio Paese e per la libert\u00e0\u00bb: valori ed etica che guidano ogni giorno l'azione di chi amministra con la sola bussola del bene comune.Vogliamo infine cogliere l'occasione per ringraziare di cuore Gennaro Toto, Ivan Pendeggia e tutti gli amministratori locali che, con professionalit\u00e0, coraggio e spirito di servizio, continuano ogni giorno a mettere la propria vita al servizio delle nostre comunit\u00e0.","pubDate":"Wed, 02 Sep 2026 16:13:26 +0200","link":"https:\/\/www.merateonline.it\/notizie\/159358\/forza-italia-sostegno-a-toto-e-pendeggia","author":"redazione@merateonline.it (Merateonline)","category":"Articolo","guid":"https:\/\/www.merateonline.it\/notizie\/159358\/forza-italia-sostegno-a-toto-e-pendeggia"},{"title":"Il Coro La Torr compie 50  anni. Tuffo nel passato in 5 articoli, dal 1\u00b0 incontro","description":"Mezzo secolo di storia, musica, emozioni, ricordi,\u00a0 parole, eventi che hanno lasciato il segno nei cuori e nella vita della citt\u00e0.\u00a0Il \"Coro La Torr\" di Merate festeggia cinquant'anni dalla sua fondazione: un traguardo importantissimo fatto di persone, luoghi, ricorrenze che meritano di trovare uno spazio anche nei pi\u00f9 giovani dalla memoria \"pi\u00f9 corta\" per evidenti ragioni anagrafiche.\u00a0Una realt\u00e0 vivace e profonda, che ha maturato una grande esperienza, merito dell'impegno e della passione di tutti coloro che, in questi decenni, hanno voluto crescere assieme sulla scia della musica.\u00a0In cinque articoli il presidente Giuseppe Carmagnani e lo storico Maestro Giuseppe Caldirola hanno tratteggiato questa bellissima realt\u00e0, condividendola con i nostri lettori._________________Quest\u2019anno il Coro La Torr di Merate celebra un traguardo speciale: cinquant'anni di storia, di musica, di amicizia e di passione condivisa.Un anniversario cos\u00ec importante \u00e8 anche l'occasione per guardare alle nostre origini, perch\u00e9 \u00e8 proprio l\u00ec che affondano le radici dell'identit\u00e0 e dei valori che ancora oggi ci accompagnano.Chi meglio del nostro primo Direttore, il Maestro Giuseppe Caldirola, pu\u00f2 raccontare come tutto ebbe inizio? Chi meglio di lui pu\u00f2 trasmettere l'entusiasmo, le emozioni e lo spirito con cui un gruppo di amici riusc\u00ec a trasformare un sogno in una realt\u00e0 destinata a crescere negli anni, regalando soddisfazioni, incontri, esperienze indimenticabili e un forte senso di appartenenza?Giuseppe Carmagnani con l'assessore alla cultura Patrizia RivaLe storie da raccontare sarebbero davvero infinite. Per questo, grazie alla preziosa collaborazione della Redazione di Merateonline, abbiamo scelto di riproporre cinque articoli, pubblicati originariamente sulla rivista Choralia, per molti anni periodico interno del Coro. In queste pagine Beppe Maestro \u2013 come lo chiamavano affettuosamente i suoi coristi \u2013 ci accompagna attraverso alcuni dei momenti pi\u00f9 significativi, emozionanti e talvolta divertenti dei primi anni di vita del Coro: il primo incontro, il primo concerto non ufficiale, la prima rassegna, il primo concorso e l'amicizia con il coro austriaco.Siamo certi che questa rilettura sar\u00e0 un piacevole viaggio nella memoria, capace di emozionare chi c'era e di far conoscere alle nuove generazioni la storia da cui tutto \u00e8 nato. Sar\u00e0 anche uno dei tanti appuntamenti con cui, nei prossimi mesi, festeggeremo insieme il cinquantesimo anniversario del Coro La Torr di Merate.Giuseppe CarmagnaniPresidente Coro La TorrIL PRIMO INCONTROEra una bella sera d'estate, nel cuore degli Anni \u201870, e a Sartirana si festeggiava S. Pietro.Per un sartiranese la Festa Patronale ha un' importanza che nessuno, se non \u00e8 nativo di Sartirana, pu\u00f2 nemmeno lontanamente immaginare : parenti lontani rientrano alla casa paterna, abitanti provenienti da tutto il circondario partecipano con entusiasmo alle varie proposte ricreative ( gare fra i Rioni, pesca benefica, programmi musicali e sportivi ), fiumane di persone si accodano per la rituale processione con la statua del Patrono, doverosamente onorato non solo con preghiere e cantici, ma anche con costine, birra, giochi e fuochi d\u2019artificio.Quella sera, ...","pubDate":"Wed, 02 Sep 2026 15:21:33 +0200","link":"https:\/\/www.merateonline.it\/notizie\/159356\/il-coro-la-torr-compie-50-anni-tuffo-nel-passato-in-5-articoli-dal-1-incontro","author":"redazione@merateonline.it (Merateonline)","category":"Articolo","guid":"https:\/\/www.merateonline.it\/notizie\/159356\/il-coro-la-torr-compie-50-anni-tuffo-nel-passato-in-5-articoli-dal-1-incontro"},{"title":"Lomagna: Open Day per i corsi 2026\/2027 dell'associazione Amici della Musica","description":"L'Associazione Amici della Musica Centro Studi e Cultura Musicale \u201cRino Perego\u201d di Lomagna promuove, con il patrocinio del Comune, un Open Day dedicato alla presentazione della nuova offerta formativa per l'anno 2026\/2027. L'appuntamento, rivolto a persone di ogni et\u00e0, si terr\u00e0 sabato 12 settembre a partire dalle ore 15:00 presso la sede di via Roma 2 a Lomagna.L'iniziativa offrir\u00e0 la possibilit\u00e0 di approfondire la ricca ed eterogenea proposta didattica dell'associazione. Per quanto riguarda l'ambito classico e propedeutico, le lezioni comprenderanno strumenti quali chitarra, pianoforte, violino, viola, flauto e clarinetto, affiancati da canto, coro di voci bianche, orchestra di chitarre e dal percorso \u201cPrimi passi nella musica\u201d, quest'ultimo pensato per i bambini dai 3 ai 6 anni.Non mancher\u00e0 uno spazio dedicato alla musica moderna, con corsi di batteria, chitarra elettrica, basso elettrico e musica d\u2019insieme. A completamento del percorso didattico saranno inoltre attivati insegnamenti complementari di teoria, lettura e ear training, armonia e analisi, oltre a storia della musica e cultura musicale.L'evento permetter\u00e0 a cittadini e famiglie di incontrare gli insegnanti per raccogliere informazioni dettagliate sul piano di studi e sulle modalit\u00e0 di iscrizione.Per ulteriori chiarimenti \u00e8 possibile consultare il sito ufficiale www.corsidimusicalomagna.it, scrivere all'indirizzo e-mail amicidellamusica.lomagna@gmail.com oppure contattare i referenti Adele Perego al numero 335 5876067 e Federico Porcelli al 347 4431786. Notizie e aggiornamenti sono disponibili anche sulla pagina Facebook dell'Associazione Amici della Musica Lomagna.","pubDate":"Wed, 02 Sep 2026 12:00:08 +0200","link":"https:\/\/www.merateonline.it\/notizie\/159351\/lomagna-open-day-per-i-corsi-2026-2027-dell-associazione-amici-della-musica","author":"redazione@merateonline.it (Merateonline)","category":"Articolo","guid":"https:\/\/www.merateonline.it\/notizie\/159351\/lomagna-open-day-per-i-corsi-2026-2027-dell-associazione-amici-della-musica"},{"title":"Merate, Coro: al Cantinone c'ero anch'io","description":"Articolo: Il Coro La Torr compie 50 anni. Tuffo nel passato in 5 articoli, dal 1\u00b0 incontroIo purtroppo per la mia et\u00e0, sono uno dei gli avventori del Cantinone e mi sono commosso solo a ricordare tutti i coristi che sono andati avanti. Ho letto con entusiasmo e proporrei a fine degli articoli di farne un piccolo fascicolo per ricordo del 50esimo del coro. Grazie","pubDate":"Wed, 02 Sep 2026 18:34:50 +0200","link":"https:\/\/www.merateonline.it\/notizie\/159380\/merate-coro-al-cantinone-c-ero-anch-io","author":"redazione@merateonline.it (Merateonline)","category":"Articolo","guid":"https:\/\/www.merateonline.it\/notizie\/159380\/merate-coro-al-cantinone-c-ero-anch-io"},{"title":"Merate: Sentiero Beatrice  la denuncia di Prospettive","description":"Archiviate, almeno per la maggioranza dei cittadini, le vacanze d'agosto, riparte la politica. La prima forza a scendere in campo \u00e8 \"Prospettive per Merate\", il gruppo di centrodestra guidato dall'ex sindaco Massimo Panzeri. E lo fa con una interrogazione mirata, che sar\u00e0 letta in Consiglio comunale - non si sa per\u00f2 quando - dalla consigliera leghista Paoloa Panzeri. Il tema \u00e8 lo stato in cui versa il sentiero Beatrice, che i lettori di Mol hanno gi\u00e0 avuto modo di \"conoscere\" con un reportage di qualche settimana fa. \u00a0\u00a0Il sentiero collega l'area del laghetto di San Rocco con via Marconi. Come avevamo documentato versa in pessime condizioni e le decine di piante messe a dimore sono tutte morte e sommerse da rovi e cespugli. Anche allora n\u00e9 l'assessora all'ambiente Silvia Sesana, n\u00e9 la manager del verde, avevano commentato l'articolo. Ormai \u00e8 consuetudine di questa maggioranza di centrosinistra non dare risposte, forse in linea con la strategia del Sindaco di \"sapere gi\u00e0 tutto\" e di \"avere tutto sotto controllo\". Ovviamente non \u00e8 cos\u00ec. Tempo fa avevamo documentato le condizioni dell'asfalto in piazza degli Eroi. Ma anche questa segnalazione era caduta nel vuoto. Poi una persona \u00e8 finita a terra procurandosi diverse ferite ed ecco che arriva l'impresa per rimettere in piano l'asfalto. L'interrogazione di \"Prospettive\" dovr\u00e0 essere messa in coda a quelle rinviate dalla seduta del 27 luglio scorso.clicca qui per il testo dell'interrogazione","pubDate":"Wed, 02 Sep 2026 11:47:34 +0200","link":"https:\/\/www.merateonline.it\/notizie\/159347\/merate-sentiero-beatrice-la-denuncia-di-prospettive","author":"redazione@merateonline.it (Merateonline)","category":"Articolo","guid":"https:\/\/www.merateonline.it\/notizie\/159347\/merate-sentiero-beatrice-la-denuncia-di-prospettive"},{"title":"Montevecchia: iscrizioni aperte per \"La Traviata\" con il Gruppo Interesse Scala","description":"Il Comune di Montevecchia, in collaborazione con la Biblioteca Civica \"M.G. Agnesi\", promuove un nuovo appuntamento dedicato alla grande lirica a cura del Gruppo Interesse Scala. Sabato 3 ottobre 2026, alle ore 20:00, gli appassionati potranno assistere all'opera \"La Traviata\" di Giuseppe Verdi diretta dal Maestro Michele Gamba presso il Teatro alla Scala di Milano.Le iscrizioni e la vendita dei biglietti si terranno luned\u00ec 7 settembre e luned\u00ec 14 settembre, dalle ore 16:00 alle 18:30, presso i locali della Biblioteca di Montevecchia in via Belvedere 36. I biglietti per i palchi hanno un costo variabile da 28,00 a 105,00 euro a seconda della posizione scelta. A questa cifra si aggiunge una quota di 15,00 euro comprendente la serata introduttiva e il trasporto in autobus verso il teatro. Il saldo delle somme dovr\u00e0 avvenire esclusivamente in contanti al momento dell'iscrizione.In preparazione alla recita, nel mese di settembre si terr\u00e0 una serata di presentazione dell'opera a cura dell'esperto Domenico Piazza, vicepresidente A.Gi.Mus. Lombardia. L'incontro, la cui data esatta verr\u00e0 definita prossimamente, si svolger\u00e0 presso la Sala Civica di via del Fontanile.Per maggiori informazioni \u00e8 possibile contattare la Biblioteca di Montevecchia al numero di telefono 039 9930053.","pubDate":"Wed, 02 Sep 2026 12:14:26 +0200","link":"https:\/\/www.merateonline.it\/notizie\/159352\/montevecchia-iscrizioni-aperte-per-la-traviata-con-il-gruppo-interesse-scala","author":"redazione@merateonline.it (Merateonline)","category":"Articolo","guid":"https:\/\/www.merateonline.it\/notizie\/159352\/montevecchia-iscrizioni-aperte-per-la-traviata-con-il-gruppo-interesse-scala"},{"title":"Mostra Fotografica: \"L'oro blu della Lombardia\"","description":"Effeotto con il patrocinio del Comune di Cernusco Lombardone, presenta presso la Casa delle Arti e della Cultura, Piazza della Vittoria Cernusco Lombardone la mostra fotografica dal titolo: L'oro blu della Lombardia -Attimi infiniti in un mondo che scompare, mostra fotografica del gruppo Associazione Fotografi Naturalista Italiani sezione Lombardia sulle acque del nostro territorio ed i suoi ambientiDi tutti gli organismi viventi, il principale costituente \u00e8 proprio la molecola formata da due atomi di idrogeno e uno di ossigeno. L\u2019acqua in natura \u00e8 tra i principi fondanti degli ecosistemi ed \u00e8 alla basa di tutte le forme di vita conosciute, incluso l\u2019essere umano e ad essa \u00e8 dovuta anche la stessa origine della vita sul nostro pianeta.L\u2019uomo ha riconosciuto sin da tempi antichissimi la sua importanza, identificandola come uno dei principali elementi costitutivi dell\u2019universo e attribuendole un profondo valore simbolico. Sul pianeta Terra l\u2019acqua copre il 71% della superficie ed \u00e8 il principale componente del corpo umano. La sua presenza \u00e8 una condizione essenziale per lo sviluppo e il sostentamento della vita. La Terra offre condizioni favorevoli perch\u00e9 \u00e8 una zona abitabile del sistema solare, ma l\u2019inquinamento di origine antropica sta trasformando e accelerando i cambiamenti a lungo termine delle temperature e dei modelli metereologici e non solo.La Lombardia \u00e8 un immenso contenitore di biodiversit\u00e0, il mondo naturale qui ha uno spazio vastissimo, suddiviso quasi equamente tra pianura, zone montuose e alpine, regioni collinari, alta e bassa pianura attraversata da decine di fiumi, tra questi il pi\u00f9 grande d\u2019Italia, ed \u00e8 bagnata da centinaia di laghi di origine naturale. Ma come riportato dai dati del CML, c\u2019\u00e8 crisi idrica in pianura, i bacini montani sono in deficit perch\u00e9 non beneficiano pi\u00f9 delle acque del disgelo, nevi e ghiacciai non sono pi\u00f9 perenni. L\u2019agricoltura, la fauna ittica e la rete idroelettrica sono a rischio, la pianura lombarda \u00e8 praticamente assetata.Scarsit\u00e0 di precipitazioni, temperature particolarmente alte e i danni del comparto agricolo sono stati ingenti e si sta mettendo seriamente e irreparabilmente a rischio l\u2019equilibrio nella coesistenza delle diverse specie animali e vegetali ed anche dell\u2019uomo.Per non dimenticare la magnificenza e l\u2019importanza del nostro territorio e la sua salvaguardia, abbiamo voluto ritrarre attraverso i nostri scatti i vari ambienti che ci circondano, i loro particolari e la grandiosit\u00e0 di ci\u00f2 che troppo spesso viene ignorato.Ognuno di noi nel suo piccolo pu\u00f2 fare qualcosa e la conoscenza ci aiuta a capire cosa e come.Esposizione 13-19-20 settembre 2026orari 10-12 e 15-18INAUGURAZIONE domenica 13 ore 17","pubDate":"Wed, 02 Sep 2026 16:49:34 +0200","link":"https:\/\/www.merateonline.it\/notizie\/159365\/mostra-fotografica-l-oro-blu-della-lombardia","author":"redazione@merateonline.it (Merateonline)","category":"Articolo","guid":"https:\/\/www.merateonline.it\/notizie\/159365\/mostra-fotografica-l-oro-blu-della-lombardia"},{"title":"Nuovo Ponte: Guardare a ci\u00f2  che accadr\u00e0 prima e dopo","description":"\u00abLe oltre quaranta proposte arrivate per la progettazione del nuovo Ponte San Michele rappresentano un segnale importante e confermano l'interesse e la rilevanza strategica di un'opera destinata a cambiare profondamente i collegamenti tra le province di Lecco, Bergamo e Monza e Brianza. Ho sempre sostenuto la necessit\u00e0 di realizzare il nuovo ponte. Non possiamo per\u00f2 considerarlo semplicemente come la sostituzione dell'attuale San Michele: stiamo parlando di un'infrastruttura che produrr\u00e0 effetti sulla viabilit\u00e0 e sull'assetto di un territorio molto pi\u00f9 ampio, a partire dal Vimercatese e dalla Brianza Est. Nei mesi scorsi ho chiesto formalmente l'istituzione di un tavolo permanente che coinvolga Regione, Province, Comuni e tutti i soggetti interessati. Ora che dalle oltre quaranta proposte si arriver\u00e0 progressivamente alla scelta del progetto, quel confronto diventa ancora pi\u00f9 importante. La qualit\u00e0 architettonica e tecnologica del nuovo ponte sar\u00e0 fondamentale, cos\u00ec come il suo corretto inserimento paesaggistico in un luogo straordinario come la valle dell'Adda. Ma dobbiamo guardare anche a ci\u00f2 che accadr\u00e0 prima e dopo il ponte: dove finiranno i flussi di traffico, quali strade li assorbiranno e quale impatto avranno sui nostri Comuni. Per questo considero positivamente il passo avanti compiuto da RFI. Adesso dobbiamo accompagnare la progettazione con una visione complessiva. Il nuovo San Michele deve essere un'opportunit\u00e0 per migliorare la mobilit\u00e0 del territorio, non semplicemente un nuovo ponte che scarica sulle strade esistenti problemi che conosciamo gi\u00e0. Su questo continuer\u00f2 a tenere alta l'attenzione in Regione\u00bb","pubDate":"Wed, 02 Sep 2026 11:52:49 +0200","link":"https:\/\/www.merateonline.it\/notizie\/159349\/nuovo-ponte-guardare-a-cio-che-accadra-prima-e-dopo","author":"redazione@merateonline.it (Merateonline)","category":"Articolo","guid":"https:\/\/www.merateonline.it\/notizie\/159349\/nuovo-ponte-guardare-a-cio-che-accadra-prima-e-dopo"},{"title":"Orgoglio Osnago: solidariet\u00e0 agli Amministratori","description":"Articolo: Cernusco: scritta sul muro contro Toto e PendeggiaIl gruppo Orgoglio Osnago esprime piena solidariet\u00e0 e vicinanza ai Sindaci\/assessori di Cernusco Lombardone e Montevecchia, destinatari delle infamanti accuse apparse nelle scorse ore. Esprimiamo inoltre il nostro profondo sdegno per il luogo scelto per compiere questo gesto: il cimitero, luogo di raccoglimento e memoria che appartiene all\u2019intera comunit\u00e0 e che dovrebbe essere sempre rispettato. Il confronto politico, anche quando acceso, deve rimanere nel perimetro del rispetto e della civilt\u00e0. L\u2019offesa personale, l\u2019insulto e le accuse anonime non sono strumenti di confronto democratico. Ai Sindaci coinvolti va tutta la nostra vicinanza, con l\u2019auspicio che venga fatta piena luce sull\u2019accaduto.\u00a0","pubDate":"Wed, 02 Sep 2026 18:34:02 +0200","link":"https:\/\/www.merateonline.it\/notizie\/159379\/orgoglio-osnago-solidarieta-agli-amministratori","author":"redazione@merateonline.it (Merateonline)","category":"Articolo","guid":"https:\/\/www.merateonline.it\/notizie\/159379\/orgoglio-osnago-solidarieta-agli-amministratori"},{"title":"Osnago, aggressione in via Edison: frattura biossea per il ferito. La droga al 'centro'","description":"Si trova ricoverato all'ospedale di Lecco, con una frattura biossea ad un arto inferiore, l'extracomunitario di 27 anni vittima del violento pestaggio avvenuto questa notte a Osnago.Per la ferocia dei colpi ricevuti, non si esclude anche con l'utilizzo di un corpo contundente, pu\u00f2 dirsi fortunato che le ferite siano state tutto sommato di media gravit\u00e0. Ma probabilmente deve la vita al pronto intervento dei residenti che sentito il trambusto hanno iniziato a urlare e scendere in strada per capire cosa stesse succedendo, costringendo cos\u00ec gli aggressori alla fuga.Le indagini dei carabinieri della Compagnia di Merate stanno proseguendo serrate da questa notte. Il luogo dove \u00e8 avvenuto l'episodio che ha spaventato la comunit\u00e0 si trova in un punto sorvegliato dalle telecamere del circuito locale: \u00e8 stato quindi ripreso il mezzo in fuga e poi anche la scena, consentendo cos\u00ec di avere ora dopo ora un quadro pi\u00f9 chiaro dell'accaduto.L'ingresso al peduncolo sterratoTutto, sembra ormai certo, ruota attorno al mondo dello spaccio e del consumo di stupefacenti.Un gruppo di extracomunitari, attorno alle 23, raggiunge su un'auto \u201cpulita\u201d la zona a sud del paese, tra i campi da tennis, il cimitero e l'autolavaggio.Il gruppetto, secondo una plausibile ricostruzione, incontra il 27enne arrivato sul posto a bordo di un motorino che nei giorni precedenti aveva \u201cgirovagato\u201d per i paesi limitrofi, forse per qualche consegna. Forse per qualche accordo disatteso la situazione diventa presto incandescente e il 27enne comprende di essere oltre che in minoranza anche in serio pericolo. Si d\u00e0 cos\u00ec alla fuga imboccando a tutta velocit\u00e0 in moto il peduncolo in sterrato che collega via Matteotti con via Trento, tallonato dall'auto con a bordo il gruppo di connazionali.Con la moto sbuca di fronte al cimitero, svolta verso destra in direzione sud, imbocca via Kennedy e poi nuovamente via Matteotti e ripete il giro due volte fino a quando in via Edison cade o forse viene raggiunto dall'auto e qui inizia il selvaggio pestaggio.A terra l'uomo, in netta minoranza, pu\u00f2 solo tentare di difendersi.Il trambusto dei motori dei due veicoli a forte velocit\u00e0, le urla e comunque l'orario (poco prima di mezzanotte) in un giorno d'estate attirano l'attenzione di residenti e avventori della zona che chiamano le forze dell'ordine.L'uscita davanti al cimiteroDalla centrale operativa del 112 vengono fatte convergere con urgenza due pattuglie dell'Arma dei Carabinieri e le squadre del soccorso. A terra, il 27enne dopo le prime cure del caso viene trasferito in ospedale a Lecco in codice giallo, dunque di media gravit\u00e0.Nel cuore della notte iniziano cos\u00ec le indagini dei carabinieri.Fondamentali, oltre alle eventuali testimonianze, saranno ora i fotogrammi del sistema di videosorveglianza sotto il quale il gruppo \u00e8 praticamente \u201ccascato\u201d nei passaggi davanti al cimitero.Carabinieri e polizia locale sono quindi al lavoro per ottenere il maggior numero di elementi sui veicoli ripresi dall'occhio elettronico e anche sull'esatto svolgimento dei fatti.Scene di ...","pubDate":"Wed, 02 Sep 2026 18:30:00 +0200","link":"https:\/\/www.merateonline.it\/notizie\/159377\/osnago-aggressione-in-via-edison-frattura-biossea-per-il-ferito-la-droga-al-centro","author":"redazione@merateonline.it (Merateonline)","category":"Articolo","guid":"https:\/\/www.merateonline.it\/notizie\/159377\/osnago-aggressione-in-via-edison-frattura-biossea-per-il-ferito-la-droga-al-centro"},{"title":"Osnago: banda di extracomunitari picchia ferocemente un connazionale forse per cause di droga. Paura fra i residenti","description":"Prima l'incontro, poi la discussione infine l'inseguimento e il pestaggio sanguinoso.\u00c8 quanto accaduto marted\u00ec sera a Osnago, teatro di una violenta rissa tra un gruppo di extracomunitari, che si \u00e8 conclusa con un 27enne trasportato in ospedale a Lecco con una gamba fratturata.I contorni della vicenda sono al vaglio dei Carabinieri della Compagnia di Merate che stanno raccogliendo elementi utili per ricostruire la vicenda e risalire alle persone coinvolte.I fatti si sono verificati tra le 23 e la mezzanotte, in via Edison.Da quanto \u00e8 stato possibile sapere al momento, 6\/7 giovani provenienti dalla bergamasca si sarebbero dati appuntamento, per ragioni legate allo spaccio di droga, nei pressi della rotatoria accanto al cimitero.Da una parte un gruppetto di marocchini su un'auto, dall'altra un connazionale su una moto.L'incontro \u00e8 presto degenerato.Il 27enne sarebbe stato accerchiato e per sfuggire sarebbe balzato in sella alla moto fuggendo lungo il viale in ghiaia che collega la scuola elementare al cimitero, in fregio al bosco urbano.Qui si \u00e8 consumato il pestaggio in piena regola. Il giovane buttato a terra \u00e8 stato picchiato con calci e pugni, qualcuno parla anche di un machete (dettaglio questo che al momento non ha ancora trovato conferma).Dato l'orario, le 23.30, le urla hanno attirato l'attenzione dei residenti che si sono affacciati alle finestre e, compreso che stava succedendo qualcosa di grave, hanno allertato le forze dell'ordine.Qualcuno \u00e8 anche sceso in strada per mettere in fuga il gruppo nell'attesa dei Carabinieri.Quando sono giunti due equipaggi del radiomobile dell'Arma, la situazione si \u00e8 mostrata in tutta la sua gravit\u00e0. Subito sono stati chiamati i soccorsi medici. Il ferito, in condizioni serie, \u00e8 stato portato in codice giallo all'ospedale di Lecco e sul posto sono rimasti i residenti che hanno raccontato, terrorizzati, l'accaduto.Si tratterebbe di un gruppo di extracomunitari, provenienti dalla bergamasca e noti gi\u00e0 per questo tipo di fatti, che raggiunto Osnago, forse per una \u201cconoscenza\u201d, avrebbero poi sferrato la feroce aggressione a danno del 27enne.Ora sono in corso gli accertamenti tramite testimonianze e videosorveglianza per capire i contorni del grave episodio.","pubDate":"Wed, 02 Sep 2026 10:56:30 +0200","link":"https:\/\/www.merateonline.it\/notizie\/159346\/osnago-banda-di-extracomunitari-picchia-ferocemente-un-connazionale-forse-per-cause-di-droga-paura-fra-i-residenti","author":"redazione@merateonline.it (Merateonline)","category":"Articolo","guid":"https:\/\/www.merateonline.it\/notizie\/159346\/osnago-banda-di-extracomunitari-picchia-ferocemente-un-connazionale-forse-per-cause-di-droga-paura-fra-i-residenti"},{"title":"Osnago: la qualit\u00e0 dell'opposizione","description":"Articolo: Osnago: opposizione di basso livelloLa ringrazio innanzitutto per il tono e anche per il riconoscimento che, almeno in alcuni casi, rivolge al mio lavoro. Visto che siamo tornati alle percentuali, i numeri che riporta dimostrano una cosa che nessuno ha mai contestato: Progetto Osnago vince le elezioni da molti anni e spesso con percentuali molto ampie. \u00c8 un fatto. Quello che continuo a non comprendere \u00e8 perch\u00e9 il risultato elettorale dovrebbe diventare uno strumento per misurare la qualit\u00e0 dell'opposizione o, addirittura, la preparazione di chi ne fa parte. Il consenso stabilisce chi governa e chi sta all'opposizione, non chi ha sempre ragione e chi ha sempre torto. Lei definisce poi questa opposizione \u00abpoco preparata e di basso livello\u00bb. \u00c8 naturalmente libero di esprimere questo giudizio, ma credo sia necessario distinguere. Non conosco un metodo per misurare la \u201cpreparazione di un'opposizione\u201d nel suo complesso. La preparazione riguarda, semmai, le singole persone e pu\u00f2 essere valutata sulla qualit\u00e0 dei loro interventi, sulla conoscenza degli argomenti, sulla fondatezza delle osservazioni e sulle proposte che avanzano. Se ritiene che un mio intervento sia poco preparato, lo indichi e sar\u00f2 ben disponibile a confrontarmi nel merito. Se ritiene poco preparato l'intervento di un altro consigliere, ne contesti contenuti e argomentazioni. Questo \u00e8 un confronto che considero assolutamente legittimo. Trovo invece poco significativo prendere gli interventi di alcuni componenti e utilizzarli per assegnare una sorta di voto collettivo alla \u201cpreparazione dell'opposizione\u201d. E, visto che proprio gli interventi durante i Consigli comunali sembrano essere il suo metro di giudizio, mi permetta allora una provocazione: come dovremmo valutare la preparazione dei consiglieri di maggioranza non assessori che durante i Consigli comunali praticamente non intervengono? Se parlare consente di essere giudicati preparati o impreparati, come valutiamo chi sceglie sistematicamente di non parlare? Dovremmo considerarlo preparatissimo semplicemente perch\u00e9 non ci ha mai dato la possibilit\u00e0 di valutarlo? Ovviamente sarebbe un criterio assurdo. Ed \u00e8 proprio questo il punto: la qualit\u00e0 di un consigliere si giudica individualmente per quello che fa, dice e propone, non attraverso un'etichetta assegnata indistintamente al gruppo al quale appartiene. Personalmente non ho alcuna pretesa di difendere a priori ogni parola pronunciata da ogni componente dell'opposizione. Veniamo poi alla sua affermazione secondo cui, \u00aba suo modo di vedere, Osnago \u00e8 amministrato bene\u00bb. \u00c8 un giudizio assolutamente legittimo. Io, per\u00f2, evidentemente utilizzo qualche parametro diverso. Dal mio punto di vista, in un paese amministrato bene dovrebbe essere quantomeno difficile che i manifesti della Festa dell'Unit\u00e0 del PD vengano affissi negli spazi riservati alle associazioni, sopra i manifesti delle iniziative locali, e che nessuno di chi amministra se ne accorga finch\u00e9 non interviene un consigliere di minoranza a segnalarlo. E qui non siamo nel campo delle opinioni: dopo la mia segnalazione il Comune ha verificato, la societ\u00e0 incaricata delle affissioni ha riconosciuto l'errore e i manifesti sono stati rimossi. Ci \u00e8 stato spiegato che si \u00e8 trattato ...","pubDate":"Wed, 02 Sep 2026 17:14:24 +0200","link":"https:\/\/www.merateonline.it\/notizie\/159370\/osnago-la-qualita-dell-opposizione","author":"redazione@merateonline.it (Merateonline)","category":"Articolo","guid":"https:\/\/www.merateonline.it\/notizie\/159370\/osnago-la-qualita-dell-opposizione"},{"title":"Piazza: solidale con Toto e De Luca","description":"Esprimo piena solidariet\u00e0 al sindaco Gennaro Toto e all\u2019assessore Antonio De Luca, bersaglio di minacce gravi e inaccettabili. La scritta diffamatoria apparsa nella notte sul muro perimetrale del cimitero, realizzata con vernice verde e riportante accuse anonime relative all\u2019impiego delle risorse pubbliche, rappresenta un atto lesivo delle istituzioni e del corretto confronto democratico.\u00c8 necessario condannare con fermezza ogni forma di clima d\u2019odio che tenta di delegittimare l\u2019operato degli amministratori e di indebolire la fiducia nelle istituzioni.L\u2019episodio si inserisce in una sequenza di atti ostili gi\u00e0 verificatisi nei mesi scorsi, quando erano stati colpiti beni personali del sindaco e dell\u2019assessore. Si tratta di comportamenti che nulla hanno a che vedere con la dialettica politica e che richiedono una risposta ferma e unitaria.\u201cCondanno con decisione ogni forma di intimidazione nei confronti degli amministratori locali\u201d dichiara il sottosegretario regionale Mauro Piazza. \u201cConfido che il sistema di videosorveglianza possa fornire elementi utili all\u2019individuazione dei responsabili. La tutela delle istituzioni passa anche dalla capacit\u00e0 di isolare chi, con gesti vigliacchi, tenta di minare la credibilit\u00e0 di chi opera quotidianamente per il bene della comunit\u00e0.\u201dPiazza aggiunge: \u201cRibadisco il mio sostegno al sindaco Toto e all\u2019assessore De Luca. \u00c8 necessario preservare un clima di rispetto e responsabilit\u00e0: il dissenso \u00e8 legittimo, ma non pu\u00f2 mai degenerare in atti diffamatori o intimidatori.\u201d\u00a0","pubDate":"Wed, 02 Sep 2026 16:12:32 +0200","link":"https:\/\/www.merateonline.it\/notizie\/159357\/piazza-solidale-con-toto-e-de-luca","author":"redazione@merateonline.it (Merateonline)","category":"Articolo","guid":"https:\/\/www.merateonline.it\/notizie\/159357\/piazza-solidale-con-toto-e-de-luca"},{"title":"Portale dell'automobilista","description":"Articolo: Sosta illimitataARTICOLO: SOSTA ILLIMITATA . Gigi S. lei ha ragione su tutto tranne una cosa, sul Portale dell'automobilista si vedono i dati da lei citati solo se si \u00e8 proprietari del mezzo. Cordialmente\u00a0","pubDate":"Wed, 02 Sep 2026 08:54:31 +0200","link":"https:\/\/www.merateonline.it\/notizie\/159345\/portale-dell-automobilista","author":"redazione@merateonline.it (Merateonline)","category":"Articolo","guid":"https:\/\/www.merateonline.it\/notizie\/159345\/portale-dell-automobilista"}]}}